{"id":1115,"date":"2025-07-09T19:53:20","date_gmt":"2025-07-09T17:53:20","guid":{"rendered":"https:\/\/gemeinsam-kaempfen.de\/?p=1115"},"modified":"2025-07-09T20:06:33","modified_gmt":"2025-07-09T18:06:33","slug":"kampagne-ich-will-oecalan-treffen-visitocalan","status":"publish","type":"post","link":"https:\/\/gemeinsam-kaempfen.de\/?p=1115","title":{"rendered":"Kampagne: &#8222;Ich will \u00d6calan treffen&#8220; #VisitOcalan"},"content":{"rendered":"\n<p><br>das Europ\u00e4ische Forum f\u00fcr Freiheit und Frieden (EFFP) hat unter der \u00dcberschrift \u201eIch will \u00d6calan treffen\u201c eine neue Kampagne f\u00fcr die Freiheit von Abdullah \u00d6calan gestartet.<br><\/p>\n\n\n\n<p>Wir k\u00f6nnen die Kampagne unterst\u00fctzen in dem wir ein 2-min\u00fctiges Video drehen und es senden. Es geht darum seine Freiheit zu fordern mit der Angabe \u201e@yilmaztunc\u201c und dem Hashtag #VisitOcalan.<\/p>\n\n\n\n<p><br>Lasst uns an der Kampagne teilnehmen und \u00d6calan aus dem \u0130mral\u0131-Gef\u00e4ngnis herausholen.<\/p>\n\n\n\n<p><strong><br>Freiheit f\u00fcr \u00d6calan,<br>Freiheit f\u00fcr Kurdistan!<\/strong><\/p>\n\n\n\n<figure class=\"wp-block-image size-large\"><img fetchpriority=\"high\" decoding=\"async\" width=\"1024\" height=\"1024\" src=\"https:\/\/gemeinsam-kaempfen.de\/wp-content\/uploads\/2025\/07\/signal-2025-07-07-223655_002-1024x1024.jpeg\" alt=\"\" class=\"wp-image-1117\" srcset=\"https:\/\/gemeinsam-kaempfen.de\/wp-content\/uploads\/2025\/07\/signal-2025-07-07-223655_002-1024x1024.jpeg 1024w, https:\/\/gemeinsam-kaempfen.de\/wp-content\/uploads\/2025\/07\/signal-2025-07-07-223655_002-300x300.jpeg 300w, https:\/\/gemeinsam-kaempfen.de\/wp-content\/uploads\/2025\/07\/signal-2025-07-07-223655_002-150x150.jpeg 150w, https:\/\/gemeinsam-kaempfen.de\/wp-content\/uploads\/2025\/07\/signal-2025-07-07-223655_002-768x768.jpeg 768w, https:\/\/gemeinsam-kaempfen.de\/wp-content\/uploads\/2025\/07\/signal-2025-07-07-223655_002.jpeg 1080w\" sizes=\"(max-width: 1024px) 100vw, 1024px\" \/><\/figure>\n\n\n\n<p><\/p>\n\n\n\n<p><em><strong>Auch wir haben eine Videobotschaft ver\u00f6ffentlicht mit folgendem Text:<\/strong><\/em><\/p>\n\n\n\n<p><\/p>\n\n\n\n<p>Sehr geehrter Herr Minister Tunc,<\/p>\n\n\n\n<p>wir sind eine feministische Organisierung in Deutschland mit dem Namen <em>\u201eGemeinsam K\u00e4mpfen &#8211; f\u00fcr Selbstbestimmung <\/em><em>und <\/em><em>demokratische Autonomie\u201c<\/em>.<\/p>\n\n\n\n<p>Wir verfolgen die positiven Entwicklungen in der T\u00fcrkei hin zu einem m\u00f6glichen Friedensprozess f\u00fcr die L\u00f6sung der kurdischen Frage nach Selbstbestimmung und f\u00fcr Demokratisierung. Herr Abdullah \u00d6calan hat am 27. Februar 2025 einen bedeutenden Aufruf gemacht. Wir sehen in seinen L\u00f6sungsvorschl\u00e4gen und politischen Ideen eine gro\u00dfe Chance f\u00fcr die Beendigung der Kriegshandlungen, des Sterbens und der Inhaftierungen.<\/p>\n\n\n\n<p>Wir sehen gro\u00dfes Potential in der L\u00f6sungskraft von Herrn \u00d6calan, darum sollte er ma\u00dfgeblich an der Ausarbeitung einer neuen Verfassung f\u00fcr die T\u00fcrkei beteiligt sein. Diese neue Verfassung, welche von Pr\u00e4sident Erdogan bereits als n\u00f6tiger Gesellschaftsvertrag beschrieben wurde, kann ein Fundament f\u00fcr Frieden und Vers\u00f6hnung werden.<\/p>\n\n\n\n<p>Die Hindernisse, die Herrn \u00d6calan davon abhalten, seine Vision f\u00fcr die Zukunft der T\u00fcrkei, Kurdistans, des Nahen Ostens und der weiteren Welt, die er seit Jahren vorbereitet, mitzuteilen, m\u00fcssen beseitigt werden.<\/p>\n\n\n\n<p>Wir m\u00f6chten als Delegation von 5 Personen Herrn \u00d6calan besuchen, um mit ihm \u00fcber seine Friedensinitiative und die politischen Ideen f\u00fcr kulturelle Selbstbestimmung der Kurd:innen, demokratische Entwicklungen, kommunale Basisorganisierung und ein Zusammenleben in Vielfalt und W\u00fcrde in der T\u00fcrkei zu sprechen.<\/p>\n\n\n\n<p><strong>Wir sind sicher: Wenn wir seine politischen Ideen besser verstehen, k\u00f6nnen wir auch L\u00f6sungen f\u00fcr unsere gesellschaftlichen Probleme entwickeln.<\/strong><\/p>\n\n\n\n<p><strong>Bei einem Besuch<\/strong><strong>m\u00f6chten wir Herrn \u00d6calan unsere Analyse der Gesellschaft und insbesondere der Situation der Frauen und weiterer widerst\u00e4ndiger Geschlechter in Deutschland und Europa vorstellen.<\/strong><\/p>\n\n\n\n<p>Wir wissen, dass die Befreiung der Frauen und deren Rolle f\u00fcr einen Friedensprozess f\u00fcr ihn h\u00f6chsten Stellenwert haben und m\u00f6chten uns mit ihm \u00fcber unser Engagement in Deutschland gegen Femizid und Sexismus austauschen.<\/p>\n\n\n\n<p>Wir beantragen hiermit einen Besuch bei Herrn Abdullah \u00d6calan.<\/p>\n\n\n\n<p>Bitte erteilen Sie uns die Genehmigung und teilen Sie uns mit, wie wir den Besuchstermin vereinbaren k\u00f6nnen.<\/p>\n\n\n\n<p>Bei dieser Gelegenheit m\u00f6chten wir Ihnen auch mitteilen, dass wir die Freilassung von Abdullah \u00d6calan f\u00fcr dringend geboten halten.<\/p>\n\n\n\n<p>Wir verbleiben in Erwartung Ihrer baldigen Antwort.<\/p>\n","protected":false},"excerpt":{"rendered":"<p>das Europ\u00e4ische Forum f\u00fcr Freiheit und Frieden (EFFP) hat unter der \u00dcberschrift \u201eIch will \u00d6calan treffen\u201c eine neue Kampagne f\u00fcr die Freiheit von Abdullah \u00d6calan gestartet. Wir k\u00f6nnen die Kampagne unterst\u00fctzen in dem wir ein 2-min\u00fctiges Video drehen und es senden. Es geht darum seine Freiheit zu fordern mit der Angabe \u201e@yilmaztunc\u201c und dem Hashtag [&hellip;]<\/p>\n","protected":false},"author":1,"featured_media":1117,"comment_status":"open","ping_status":"open","sticky":false,"template":"","format":"standard","meta":{"om_disable_all_campaigns":false,"_monsterinsights_skip_tracking":false,"_monsterinsights_sitenote_active":false,"_monsterinsights_sitenote_note":"","_monsterinsights_sitenote_category":0,"footnotes":""},"categories":[1],"tags":[],"class_list":["post-1115","post","type-post","status-publish","format-standard","has-post-thumbnail","hentry","category-aktuelles"],"aioseo_notices":[],"_links":{"self":[{"href":"https:\/\/gemeinsam-kaempfen.de\/index.php?rest_route=\/wp\/v2\/posts\/1115","targetHints":{"allow":["GET"]}}],"collection":[{"href":"https:\/\/gemeinsam-kaempfen.de\/index.php?rest_route=\/wp\/v2\/posts"}],"about":[{"href":"https:\/\/gemeinsam-kaempfen.de\/index.php?rest_route=\/wp\/v2\/types\/post"}],"author":[{"embeddable":true,"href":"https:\/\/gemeinsam-kaempfen.de\/index.php?rest_route=\/wp\/v2\/users\/1"}],"replies":[{"embeddable":true,"href":"https:\/\/gemeinsam-kaempfen.de\/index.php?rest_route=%2Fwp%2Fv2%2Fcomments&post=1115"}],"version-history":[{"count":7,"href":"https:\/\/gemeinsam-kaempfen.de\/index.php?rest_route=\/wp\/v2\/posts\/1115\/revisions"}],"predecessor-version":[{"id":1126,"href":"https:\/\/gemeinsam-kaempfen.de\/index.php?rest_route=\/wp\/v2\/posts\/1115\/revisions\/1126"}],"wp:featuredmedia":[{"embeddable":true,"href":"https:\/\/gemeinsam-kaempfen.de\/index.php?rest_route=\/wp\/v2\/media\/1117"}],"wp:attachment":[{"href":"https:\/\/gemeinsam-kaempfen.de\/index.php?rest_route=%2Fwp%2Fv2%2Fmedia&parent=1115"}],"wp:term":[{"taxonomy":"category","embeddable":true,"href":"https:\/\/gemeinsam-kaempfen.de\/index.php?rest_route=%2Fwp%2Fv2%2Fcategories&post=1115"},{"taxonomy":"post_tag","embeddable":true,"href":"https:\/\/gemeinsam-kaempfen.de\/index.php?rest_route=%2Fwp%2Fv2%2Ftags&post=1115"}],"curies":[{"name":"wp","href":"https:\/\/api.w.org\/{rel}","templated":true}]}}