{"id":491,"date":"2022-07-07T11:47:45","date_gmt":"2022-07-07T09:47:45","guid":{"rendered":"https:\/\/gemeinsam-kaempfen.de\/?p=491"},"modified":"2022-08-24T16:16:57","modified_gmt":"2022-08-24T14:16:57","slug":"stellungnahme-der-feministischen-kampagne-gemeinsam-kaempfen-zu-den-aktuellen-politischen-entwicklungen-in-nord-ostsyrien","status":"publish","type":"post","link":"https:\/\/gemeinsam-kaempfen.de\/?p=491","title":{"rendered":"Stellungnahme der feministischen Kampagne \u201cGemeinsam K\u00e4mpfen\u201d zu den aktuellen politischen Entwicklungen in Nord-Ostsyrien"},"content":{"rendered":"\n<p><\/p>\n\n\n\n<p>14.12.2018<\/p>\n\n\n\n<p><\/p>\n\n\n\n<p>Aufgrund der aktuellen Ereignisse halten wir es f\u00fcr wichtig aus Nordsyrien\/Rojava zu berichten und unsere Einsch\u00e4tzung und die der Freudinnen hier vor Ort mit euch zu teilen. Wir sind momentan im Rahmen einer feministischen Delegation in Nord-Ostsyrien.<\/p>\n\n\n\n<p>Wie ihr wahrscheinlich mitbekommen habt, hat Erdogan vor zwei Tagen mit einer erneuten Milit\u00e4roffensive in Nordsyrien \u00f6stlich des Euphrats gedroht. Unmittelbar danach gab es erste t\u00fcrkische Milit\u00e4rbewegungen bei Ser\u00eakaniy\u00ea auf t\u00fcrkischer Seite der Grenze. Am 13.12. wurden Mexm\u00fbr und ein Dorf in der \u015eengal-Region in S\u00fcdkurdistan bombardiert. In Mexm\u00fbr wurden durch die Luftschl\u00e4ge vier Frauen ermordet. Die erneuten Androhungen und Angriffe sehen wir als Fortf\u00fchrung der faschistischen Teile und Herrsche &#8211; Politik der T\u00fcrkei gegen den Aufbau des alternativen Gesellschaftmodells in Nord-Ost-Syrien und die kurdische Befreiungsbewegung. Insbesondere ist das auch ein Angriff auf die autonome Selbstorganisierung der Frauen und damit der Frauenbewegung, die gegen das Patriarchat k\u00e4mpft.<\/p>\n\n\n\n<p>Dass Erdogan den Zeitpunkt f\u00fcr die Offensive jetzt w\u00e4hlt, ist nicht verwunderlich, da die QSD den Kampf gegen Daesh um Derazor (Dair ez Zor) mit Erfolg fortf\u00fchren und die letzte Hochburg von Daesh, Hajin schon zur H\u00e4lfte befreit haben. Um das endg\u00fcltige Ende von Daesh zu verhindern, greift die T\u00fcrkei jetzt an, damit die QSD (Demokratische Kr\u00e4fte Syriens) sich zur\u00fcckziehen. Die Angriffe stehen auch im Zusammenhang mit den Kommunalwahlen im Fr\u00fchjahr 2019 in der T\u00fcrkei. Um Nationalismus mittels Kriegspropaganda zu st\u00e4rken und von den wirtschaftspolitischen Problemen abzulenken, verfolgt Erdogan auch jetzt wieder dieselbe Strategie wie bereits bei den Angriffen 2016 in Bakur und 2018 auf Afrin. Ein weiterer Grund f\u00fcr die aktuelle Drohung mit einer Milit\u00e4roffensive ist der Versuch, eine Spaltung zwischen arabischer und kurdischer Bev\u00f6lkerung zu erzeugen. Damit wird die Umsetzung der Teile und Herrsche Politk sowie die demographische Ver\u00e4nderung der Bev\u00f6lkerung im Norden Syriens weiter verfolgt. Wie wir hier w\u00e4hrend unserer Delegation gesehen und in vielen Gespr\u00e4chen erfahren haben, gibt der Aufbau eines neuen Gesellschaftsmodells den Menschen hier viel Kraft und Perspektive. Gerade in den neu befreiten Gebieten wie Minbic, Tabqa und Raqqa, wo die Bev\u00f6lkerung f\u00fcnf Jahre lang unter der Besatzung Daeshs leben musste, zeigt sich, dass das neue Gesellschaftsmodell eine Alternative f\u00fcr ganz Syrien darstellt.<\/p>\n\n\n\n<p>Diese Entwicklung kn\u00fcpft an vorkoloniale Verh\u00e4ltnisse an, in denen unterschiedliche Bev\u00f6lkerungsgruppen weitgehend konfliktfrei zusammen lebten. Ein friedliches Zusammenleben verschiedener Bev\u00f6lkerungsgruppen jedoch erschwert es den regionalen und internationalen M\u00e4chten ihre Interessen im Mittleren Osten durchzusetzen, da diese sich das Ausspielen verschiedener Bev\u00f6lkerungsgruppen immer wieder zu Nutze gemacht haben. Das wird auch heute noch fortgef\u00fchrt, was unter anderem an der Rolle der USA in der jetzigen Situation deutlich wird.<\/p>\n\n\n\n<p>Wie ANF News ver\u00f6ffentlichte, ist davon auszugehen, dass die USA einer begrenzten Milit\u00e4roffensive der T\u00fcrkei zugestimmt haben. So haben vor der Ank\u00fcndigung Erdogans gegenseitige Treffen zwischen Vertretern der beiden Staaten stattgefunden. Den USA geht es bei der Unterst\u00fctzung der T\u00fcrkei darum, deren Verbindung zu Russland zu schw\u00e4chen. Sie selbst hat, wie auch andere Staaten, ein Interesse daran, ein Gesellschaftsmodell zu zerst\u00f6ren, das eine Alternative zum Nationalstaat darstellt. Auch andere Staaten wie Deutschland profitieren von dem Krieg in Syrien gegen die autonome Selbstverwaltung Nord-Ost-Syriens.<\/p>\n\n\n\n<p>F\u00fcr uns ist die Revolution und vor allem die Frauenrevolution eine klare Perspektive im Kampf gegen Faschismus und Patriarchat f\u00fcr eine geschlechterbefreite und solidarische Gesellschaft und eine wirkliche Alternative zum Kapitalismus. Die Menschen lassen sich nicht mehr das nehmen, was sie sich erk\u00e4mpft haben und leisten Widerstand gegen jegliche Angriffe.<\/p>\n\n\n\n<p>Bereits gestern sind in Rojava und weltweit zehntausende Menschen auf die Stra\u00dfe gegangen. Seit 37 Tagen ist die HDP Abgeordente und Co-Vorsitzende des Demokratischen Gesellschaftskongresses. Leyla G\u00fcven im Hungerstreik, um durchzusetzen, dass der Kontakt zu Abdullah \u00d6calan, hergestellt wird. Tausende in den Gef\u00e4ngnissen und \u00fcberall haben sich ihrer Forderung angeschlossen.<\/p>\n\n\n\n<p>Die Angriffe auf Abdullah \u00d6calan und Rojava \/Nordsyrien betreffen uns alle, denn auch wir brauchen die Alternative, die hier aufgebaut wird, dringend.<\/p>\n\n\n\n<p>Daher sagen wir: Jin Jiyan Azadi! Lasst uns Schulter an Schulter gegen Faschismus k\u00e4mpfen, denn Widerstand ist Leben!<\/p>\n\n\n\n<p>Wir fordern alle Menschen, die sich nach Freiheit sehnen dazu auf, gegen die Bedrohung der Revolution in Nordsyrien auf die Stra\u00dfe zu gehen und die Revolution in Nordsyrien\/Rojava zu verteidigen.<\/p>\n","protected":false},"excerpt":{"rendered":"<p>14.12.2018 Aufgrund der aktuellen Ereignisse halten wir es f\u00fcr wichtig aus Nordsyrien\/Rojava zu berichten und unsere Einsch\u00e4tzung und die der Freudinnen hier vor Ort mit euch zu teilen. Wir sind momentan im Rahmen einer feministischen Delegation in Nord-Ostsyrien. Wie ihr wahrscheinlich mitbekommen habt, hat Erdogan vor zwei Tagen mit einer erneuten Milit\u00e4roffensive in Nordsyrien \u00f6stlich [&hellip;]<\/p>\n","protected":false},"author":1,"featured_media":467,"comment_status":"open","ping_status":"open","sticky":false,"template":"","format":"standard","meta":{"om_disable_all_campaigns":false,"_monsterinsights_skip_tracking":false,"_monsterinsights_sitenote_active":false,"_monsterinsights_sitenote_note":"","_monsterinsights_sitenote_category":0,"footnotes":""},"categories":[8],"tags":[],"class_list":["post-491","post","type-post","status-publish","format-standard","has-post-thumbnail","hentry","category-feministische-delegation-rojava"],"aioseo_notices":[],"_links":{"self":[{"href":"https:\/\/gemeinsam-kaempfen.de\/index.php?rest_route=\/wp\/v2\/posts\/491","targetHints":{"allow":["GET"]}}],"collection":[{"href":"https:\/\/gemeinsam-kaempfen.de\/index.php?rest_route=\/wp\/v2\/posts"}],"about":[{"href":"https:\/\/gemeinsam-kaempfen.de\/index.php?rest_route=\/wp\/v2\/types\/post"}],"author":[{"embeddable":true,"href":"https:\/\/gemeinsam-kaempfen.de\/index.php?rest_route=\/wp\/v2\/users\/1"}],"replies":[{"embeddable":true,"href":"https:\/\/gemeinsam-kaempfen.de\/index.php?rest_route=%2Fwp%2Fv2%2Fcomments&post=491"}],"version-history":[{"count":2,"href":"https:\/\/gemeinsam-kaempfen.de\/index.php?rest_route=\/wp\/v2\/posts\/491\/revisions"}],"predecessor-version":[{"id":842,"href":"https:\/\/gemeinsam-kaempfen.de\/index.php?rest_route=\/wp\/v2\/posts\/491\/revisions\/842"}],"wp:featuredmedia":[{"embeddable":true,"href":"https:\/\/gemeinsam-kaempfen.de\/index.php?rest_route=\/wp\/v2\/media\/467"}],"wp:attachment":[{"href":"https:\/\/gemeinsam-kaempfen.de\/index.php?rest_route=%2Fwp%2Fv2%2Fmedia&parent=491"}],"wp:term":[{"taxonomy":"category","embeddable":true,"href":"https:\/\/gemeinsam-kaempfen.de\/index.php?rest_route=%2Fwp%2Fv2%2Fcategories&post=491"},{"taxonomy":"post_tag","embeddable":true,"href":"https:\/\/gemeinsam-kaempfen.de\/index.php?rest_route=%2Fwp%2Fv2%2Ftags&post=491"}],"curies":[{"name":"wp","href":"https:\/\/api.w.org\/{rel}","templated":true}]}}