{"id":493,"date":"2022-07-07T11:53:20","date_gmt":"2022-07-07T09:53:20","guid":{"rendered":"https:\/\/gemeinsam-kaempfen.de\/?p=493"},"modified":"2022-08-24T16:16:26","modified_gmt":"2022-08-24T14:16:26","slug":"unsere-ankunft-in-rojava","status":"publish","type":"post","link":"https:\/\/gemeinsam-kaempfen.de\/?p=493","title":{"rendered":"Unsere Ankunft in Rojava"},"content":{"rendered":"\n<p><\/p>\n\n\n\n<p>15.12.2018<\/p>\n\n\n\n<p><\/p>\n\n\n\n<p>Endlich haben wir die Nachricht erhalten: \u201eMorgen geht es f\u00fcr die Ersten los!\u201c Ohne Probleme kommen wir am n\u00e4chsten Tag in Rojava an. Wir scheinen wohl noch sehr angestrengt von der Aufregung zu wirken, denn sobald wir ins erste Auto steigen, lacht uns der Fahrer fr\u00f6hlich an und fragt: \u201eHow are you?\u201c. Erst in dem Moment realisieren wir, dass wir endlich an unserem Ziel, Rojava, angekommen sind und k\u00f6nnen erleichtert antworten \u201eFine!\u201c.<\/p>\n\n\n\n<p>Mit kurdischer Musik fahren wir im Dunkeln \u00fcber matschige Wege zu einem Ankunftspunkt, wo wir uns mit Suppe aufw\u00e4rmen k\u00f6nnen. Danach werden wir bei Freundinnen untergebracht, um dort die Nacht zu verbringen. Doch der Schlaf w\u00e4hrt nicht lange, es geht los zu unserem Ziel und nach einem starken Chai geht es weiter durch die Nacht. Trotz der Dunkelheit k\u00f6nnen wir sehen, wie flach unsere Umgebung ist. Nur die gro\u00dfen St\u00e4dte sind zu erkennen, sonst wirkt, das was wir von Rojava sehen k\u00f6nnen, eher d\u00fcnn besiedelt. W\u00e4hrend der Fahrt kommen wir an zahlreichen Checkpoints vorbei, wo wir, im Vergleich zu Bashur und dem wohl gr\u00f6\u00dften Teil der Welt, die \u00f6rtlichen Sicherheitskr\u00e4fte (Asayish) freundlich gr\u00fc\u00dfen. Ein doch noch ungewohntes Gef\u00fchl zu wissen, dass die Sicherheitkr\u00e4fte, die unser Auto kontrollieren, unsere Genoss*innen sind.<\/p>\n\n\n\n<figure class=\"wp-block-image\"><img fetchpriority=\"high\" decoding=\"async\" width=\"768\" height=\"432\" src=\"https:\/\/gemeinsam-kaempfen.de\/wp-content\/uploads\/2022\/07\/83-edited-1.jpg\" alt=\"\" class=\"wp-image-526\" srcset=\"https:\/\/gemeinsam-kaempfen.de\/wp-content\/uploads\/2022\/07\/83-edited-1.jpg 768w, https:\/\/gemeinsam-kaempfen.de\/wp-content\/uploads\/2022\/07\/83-edited-1-300x169.jpg 300w\" sizes=\"(max-width: 768px) 100vw, 768px\" \/><\/figure>\n\n\n\n<p>Auf der Fahrt durchqueren wir auch Qamishlo. Einige Stra\u00dfenz\u00fcge, sowie ein nahegelegener Flughafen, sind noch in der Hand des Regimes. Sie sind mit Metallkreuzen abgesperrt. Erst letztes Jahr gab es hier einen Anschlag mit einem&nbsp;LKW, durch den mehrere H\u00e4user komplett zerst\u00f6rt wurden. Seitdem konnten viele Angriffe durch die Asayish verhindert werden, erz\u00e4hlen uns die Freundinnen.<\/p>\n\n\n\n<p>Die ersten Tage unserer Reise verbringen wir in Heseke. Auch hier hat das Regime in wenigen Stadteilen noch den Fu\u00df in der T\u00fcr. Frei bewegen k\u00f6nnen wir uns aus Sicherheitsgr\u00fcnden au\u00dferhalb unseres Grundst\u00fccks nicht. Nur kurze Strecken laufen wir zu Fu\u00df, ansonsten werden wir gefahren. Heseke sei ein bisschen \u201etevli heft\u201c (durcheinander) erz\u00e4hlt uns die Vertreterin der Asay\u00eesa Jin. Das liegt auch daran, dass neben vielen verschiedenen Bev\u00f6lkerungsgruppen, die in Heseke aufeinander treffen, es auch immer noch Menschen gibt, die dem Regime nahe stehen. Das erzeugt viele Spannungen.<\/p>\n\n\n\n<p>Trotz der Sicherheitslage f\u00fchlen wir uns sehr wohl und k\u00f6nnen an unserem Schlafplatz mit dem Blick \u00fcber die Stadt zur Ruhe kommen. Neben einem Ort des Zusammentreffens finden hier auch Bildungen zur Jineoloji statt. Es gibt eine Bibliothek und Arbeitsr\u00e4ume zur pers\u00f6nlichen Weiterbildung. Gerade an einem umk\u00e4mpften Ort wie hier, erscheint es wichtig zu sein R\u00e4ume zur Diskussion zu schaffen.<\/p>\n","protected":false},"excerpt":{"rendered":"<p>15.12.2018 Endlich haben wir die Nachricht erhalten: \u201eMorgen geht es f\u00fcr die Ersten los!\u201c Ohne Probleme kommen wir am n\u00e4chsten Tag in Rojava an. Wir scheinen wohl noch sehr angestrengt von der Aufregung zu wirken, denn sobald wir ins erste Auto steigen, lacht uns der Fahrer fr\u00f6hlich an und fragt: \u201eHow are you?\u201c. Erst in [&hellip;]<\/p>\n","protected":false},"author":1,"featured_media":494,"comment_status":"open","ping_status":"open","sticky":false,"template":"","format":"standard","meta":{"om_disable_all_campaigns":false,"_monsterinsights_skip_tracking":false,"_monsterinsights_sitenote_active":false,"_monsterinsights_sitenote_note":"","_monsterinsights_sitenote_category":0,"footnotes":""},"categories":[8],"tags":[],"class_list":["post-493","post","type-post","status-publish","format-standard","has-post-thumbnail","hentry","category-feministische-delegation-rojava"],"aioseo_notices":[],"_links":{"self":[{"href":"https:\/\/gemeinsam-kaempfen.de\/index.php?rest_route=\/wp\/v2\/posts\/493","targetHints":{"allow":["GET"]}}],"collection":[{"href":"https:\/\/gemeinsam-kaempfen.de\/index.php?rest_route=\/wp\/v2\/posts"}],"about":[{"href":"https:\/\/gemeinsam-kaempfen.de\/index.php?rest_route=\/wp\/v2\/types\/post"}],"author":[{"embeddable":true,"href":"https:\/\/gemeinsam-kaempfen.de\/index.php?rest_route=\/wp\/v2\/users\/1"}],"replies":[{"embeddable":true,"href":"https:\/\/gemeinsam-kaempfen.de\/index.php?rest_route=%2Fwp%2Fv2%2Fcomments&post=493"}],"version-history":[{"count":3,"href":"https:\/\/gemeinsam-kaempfen.de\/index.php?rest_route=\/wp\/v2\/posts\/493\/revisions"}],"predecessor-version":[{"id":841,"href":"https:\/\/gemeinsam-kaempfen.de\/index.php?rest_route=\/wp\/v2\/posts\/493\/revisions\/841"}],"wp:featuredmedia":[{"embeddable":true,"href":"https:\/\/gemeinsam-kaempfen.de\/index.php?rest_route=\/wp\/v2\/media\/494"}],"wp:attachment":[{"href":"https:\/\/gemeinsam-kaempfen.de\/index.php?rest_route=%2Fwp%2Fv2%2Fmedia&parent=493"}],"wp:term":[{"taxonomy":"category","embeddable":true,"href":"https:\/\/gemeinsam-kaempfen.de\/index.php?rest_route=%2Fwp%2Fv2%2Fcategories&post=493"},{"taxonomy":"post_tag","embeddable":true,"href":"https:\/\/gemeinsam-kaempfen.de\/index.php?rest_route=%2Fwp%2Fv2%2Ftags&post=493"}],"curies":[{"name":"wp","href":"https:\/\/api.w.org\/{rel}","templated":true}]}}