{"id":499,"date":"2022-07-07T12:20:21","date_gmt":"2022-07-07T10:20:21","guid":{"rendered":"https:\/\/gemeinsam-kaempfen.de\/?p=499"},"modified":"2022-08-24T16:15:23","modified_gmt":"2022-08-24T14:15:23","slug":"rojava-oder-demokratische-selbstverwaltung-nord-und-ostsyriens","status":"publish","type":"post","link":"https:\/\/gemeinsam-kaempfen.de\/?p=499","title":{"rendered":"Rojava oder Demokratische Selbstverwaltung Nord- und Ostsyriens"},"content":{"rendered":"\n<p><\/p>\n\n\n\n<p>15.12.2018<\/p>\n\n\n\n<p><\/p>\n\n\n\n<p>Eine kurze begriffliche Erkl\u00e4rung:<\/p>\n\n\n\n<p>Viele kennen die Region Syriens, in der gerade selbstverwaltete Strukturen aufgebaut werden, unter dem Namen Rojava. Rojava hei\u00dft auf kurmanc\u00ee \u201eWesten\u201c und bezeichnet den westlichsten Part des vier-geteilten Kurdistans, also die Region, die in Syrien liegt.<\/p>\n\n\n\n<p><\/p>\n\n\n\n<p>Die Revolution, die von Rojava ausging, ist mittlerweile aber gr\u00f6\u00dfer und diverser geworden. Mit dem Aufbau selbstverwalteter Strukturen, welche nicht nur Kurd*innen einschlie\u00dfen sollen, sondern alle Menschen, die hier leben, gibt es neben dem kurdischen Namen Rojava auch die Bezeichnung \u201eNordsyrische F\u00f6deration\u201c f\u00fcr das Gebiet. <\/p>\n\n\n\n<p><\/p>\n\n\n\n<p>Mit den neu befreiten Gebieten, welche Raqqa, Tabqa und Minbic einschlie\u00dfen, werden nun auch in Teilen Ostsyriens selbstverwaltete Strukturen aufgebaut. Zusammen mit Nordsyrien bildet sich folglich nun die demokratische Selbstverwaltung Nord- und Ostsyriens<\/p>\n","protected":false},"excerpt":{"rendered":"<p>15.12.2018 Eine kurze begriffliche Erkl\u00e4rung: Viele kennen die Region Syriens, in der gerade selbstverwaltete Strukturen aufgebaut werden, unter dem Namen Rojava. Rojava hei\u00dft auf kurmanc\u00ee \u201eWesten\u201c und bezeichnet den westlichsten Part des vier-geteilten Kurdistans, also die Region, die in Syrien liegt. Die Revolution, die von Rojava ausging, ist mittlerweile aber gr\u00f6\u00dfer und diverser geworden. Mit [&hellip;]<\/p>\n","protected":false},"author":1,"featured_media":0,"comment_status":"open","ping_status":"open","sticky":false,"template":"","format":"standard","meta":{"om_disable_all_campaigns":false,"_monsterinsights_skip_tracking":false,"_monsterinsights_sitenote_active":false,"_monsterinsights_sitenote_note":"","_monsterinsights_sitenote_category":0,"footnotes":""},"categories":[8],"tags":[],"class_list":["post-499","post","type-post","status-publish","format-standard","hentry","category-feministische-delegation-rojava"],"aioseo_notices":[],"_links":{"self":[{"href":"https:\/\/gemeinsam-kaempfen.de\/index.php?rest_route=\/wp\/v2\/posts\/499","targetHints":{"allow":["GET"]}}],"collection":[{"href":"https:\/\/gemeinsam-kaempfen.de\/index.php?rest_route=\/wp\/v2\/posts"}],"about":[{"href":"https:\/\/gemeinsam-kaempfen.de\/index.php?rest_route=\/wp\/v2\/types\/post"}],"author":[{"embeddable":true,"href":"https:\/\/gemeinsam-kaempfen.de\/index.php?rest_route=\/wp\/v2\/users\/1"}],"replies":[{"embeddable":true,"href":"https:\/\/gemeinsam-kaempfen.de\/index.php?rest_route=%2Fwp%2Fv2%2Fcomments&post=499"}],"version-history":[{"count":2,"href":"https:\/\/gemeinsam-kaempfen.de\/index.php?rest_route=\/wp\/v2\/posts\/499\/revisions"}],"predecessor-version":[{"id":839,"href":"https:\/\/gemeinsam-kaempfen.de\/index.php?rest_route=\/wp\/v2\/posts\/499\/revisions\/839"}],"wp:attachment":[{"href":"https:\/\/gemeinsam-kaempfen.de\/index.php?rest_route=%2Fwp%2Fv2%2Fmedia&parent=499"}],"wp:term":[{"taxonomy":"category","embeddable":true,"href":"https:\/\/gemeinsam-kaempfen.de\/index.php?rest_route=%2Fwp%2Fv2%2Fcategories&post=499"},{"taxonomy":"post_tag","embeddable":true,"href":"https:\/\/gemeinsam-kaempfen.de\/index.php?rest_route=%2Fwp%2Fv2%2Ftags&post=499"}],"curies":[{"name":"wp","href":"https:\/\/api.w.org\/{rel}","templated":true}]}}