{"id":501,"date":"2022-07-07T12:26:17","date_gmt":"2022-07-07T10:26:17","guid":{"rendered":"https:\/\/gemeinsam-kaempfen.de\/?p=501"},"modified":"2022-08-24T16:14:38","modified_gmt":"2022-08-24T14:14:38","slug":"besuch-bei-einem-jineolojiseminar-in-haseke","status":"publish","type":"post","link":"https:\/\/gemeinsam-kaempfen.de\/?p=501","title":{"rendered":"Besuch bei einem Jineoloj\u00eeseminar in Hasek\u00ea"},"content":{"rendered":"\n<p><\/p>\n\n\n\n<p>16.12.2018<\/p>\n\n\n\n<p><\/p>\n\n\n\n<p>Wir sind eingeladen bei einem Seminar \u00fcber Jineloj\u00ee dabei zu sein, welches zwei Frauen der Jineolj\u00eearbeiten der Stadt Hasek\u00ea geben. Das Seminar ist f\u00fcr alle Frauen offen, welche in den unterschiedlichen Nachbarschaftskommunen organisiert sind. Neu ist, dass sich zunehmend mehr arabische Frauen beteiligen und deshalb ist das Seminar auch auf arabisch und kurdisch, wird uns erkl\u00e4rt.<\/p>\n\n\n\n<p>Es findet bei Kongreya Star statt, der Koordinierung der Frauenarbeiten in Hasek\u00ea. Wir werden sehr herzlich von den Frauen, die bei Kongreya Star aktiv sind, empfangen. Zuerst gibt es eine Runde Tee und wir kommen ins Gespr\u00e4ch. Die Frauen sprechen sofort \u00fcber die drohende Milit\u00e4rinvasion in Nordostsyrien, die Erdogan vor ein paar Tagen ank\u00fcndigte. Sie \u00e4u\u00dfern ihre Besorgnis und betonen, dass sie die Drohungen ernstnehmen, weil es in den letzten Monaten immer wieder in den n\u00f6rdlichen Grenzregionen t\u00f6dliche Angriffe des t\u00fcrkischen Milit\u00e4rs auf Zivilisten gab. Unter anderem erschoss das t\u00fcrkische Milit\u00e4r Ende Oktober ein 12-j\u00e4hriges M\u00e4dchen in Gir\u00ea Sp\u00ee (Tall Abyad). Besonders die Menschen, die in Grenzn\u00e4he leben, haben Angst. Gerade verlassen einige \u00e4ltere Familienmitgliedern mit ihren Kindern die Region Ser\u00eakaniy\u00ea und kommen nach Hasek\u00ea, wo sich Kongra Star darum k\u00fcmmert, dass sie irgendwo unterkommen k\u00f6nnen, erz\u00e4hlt uns eine der Frauen. Sie betont, dass viele aber bis zum Letzten bleiben und das Land verteidigen werden: \u201cSeit vielen Jahren ist Krieg und soviel Blut unserer Kinder ist hier in diese Erde geflossen. So viele Erinnerungen sind mit dieser Erde verbunden, wir gehen hier nicht weg.\u201d Wichtig sei diesen Konflikt auf politischer und diplomatischer Ebene zu l\u00f6sen, f\u00e4hrt sie fort: \u201cWir wollen eine friedliche L\u00f6sung, die nicht noch mehr Krieg bedeutet und eine Anerkennung unserer Rechte.\u201d<\/p>\n\n\n\n<p>Daf\u00fcr braucht es aber mehr Unterst\u00fctzung von au\u00dfen. Die Frauen erkl\u00e4ren uns ihr Verst\u00e4ndnis von Verteidigung. Das sie sich nat\u00fcrlich bei Angriffen verteidigen werden, aber Verteidigung sei eben nicht nur milit\u00e4risch zu verstehen, sondern bedeutet auch gesellschaftlicher Wandel und das Verbreiten von Wissen.<\/p>\n\n\n\n<figure class=\"wp-block-image size-full is-resized\"><img fetchpriority=\"high\" decoding=\"async\" src=\"https:\/\/gemeinsam-kaempfen.de\/wp-content\/uploads\/2022\/07\/74.jpg\" alt=\"\" class=\"wp-image-444\" width=\"607\" height=\"455\" srcset=\"https:\/\/gemeinsam-kaempfen.de\/wp-content\/uploads\/2022\/07\/74.jpg 768w, https:\/\/gemeinsam-kaempfen.de\/wp-content\/uploads\/2022\/07\/74-300x225.jpg 300w\" sizes=\"(max-width: 607px) 100vw, 607px\" \/><figcaption>Warum Jineoloj\u00ee? Die Frau geh\u00f6rt nur sich selbst (Selbstsein)<\/figcaption><\/figure>\n\n\n\n<p>Das Seminar geht zwei Stunden. Danach verabschieden sich die Frauen schnell und beeilen sich, nachhause zu gehen, da sie das Mittagessen vorbereiten m\u00fcssen. Auch wir werden von den Kongreya Star-Frauen verabschiedet, die sich bedanken, dass wir sie gerade jetzt mit den aktuellen Drohungen Erdogans besuchen. \u201cEine Revolution ist wie ein Kind. Es kann noch nicht von Anfang an laufen. Es f\u00e4llt, steht wieder auf und lernt aus seinen Fehlern. Vorher konnten wir nicht in unserer Sprache sprechen und waren eingesperrt in unserem Haus. Wir haben schon ganz sch\u00f6n viel erreicht auf unserem Weg.\u201d Auch wir bedanken uns, dass wir teilnehmen konnten und haben mit dieser Erfahrung heute wieder einmal mehr verstanden, dass diese Revolution eine Frauenrevolution ist.<\/p>\n","protected":false},"excerpt":{"rendered":"<p>16.12.2018 Wir sind eingeladen bei einem Seminar \u00fcber Jineloj\u00ee dabei zu sein, welches zwei Frauen der Jineolj\u00eearbeiten der Stadt Hasek\u00ea geben. Das Seminar ist f\u00fcr alle Frauen offen, welche in den unterschiedlichen Nachbarschaftskommunen organisiert sind. Neu ist, dass sich zunehmend mehr arabische Frauen beteiligen und deshalb ist das Seminar auch auf arabisch und kurdisch, wird [&hellip;]<\/p>\n","protected":false},"author":1,"featured_media":445,"comment_status":"open","ping_status":"open","sticky":false,"template":"","format":"standard","meta":{"om_disable_all_campaigns":false,"_monsterinsights_skip_tracking":false,"_monsterinsights_sitenote_active":false,"_monsterinsights_sitenote_note":"","_monsterinsights_sitenote_category":0,"footnotes":""},"categories":[8],"tags":[],"class_list":["post-501","post","type-post","status-publish","format-standard","has-post-thumbnail","hentry","category-feministische-delegation-rojava"],"aioseo_notices":[],"_links":{"self":[{"href":"https:\/\/gemeinsam-kaempfen.de\/index.php?rest_route=\/wp\/v2\/posts\/501","targetHints":{"allow":["GET"]}}],"collection":[{"href":"https:\/\/gemeinsam-kaempfen.de\/index.php?rest_route=\/wp\/v2\/posts"}],"about":[{"href":"https:\/\/gemeinsam-kaempfen.de\/index.php?rest_route=\/wp\/v2\/types\/post"}],"author":[{"embeddable":true,"href":"https:\/\/gemeinsam-kaempfen.de\/index.php?rest_route=\/wp\/v2\/users\/1"}],"replies":[{"embeddable":true,"href":"https:\/\/gemeinsam-kaempfen.de\/index.php?rest_route=%2Fwp%2Fv2%2Fcomments&post=501"}],"version-history":[{"count":2,"href":"https:\/\/gemeinsam-kaempfen.de\/index.php?rest_route=\/wp\/v2\/posts\/501\/revisions"}],"predecessor-version":[{"id":838,"href":"https:\/\/gemeinsam-kaempfen.de\/index.php?rest_route=\/wp\/v2\/posts\/501\/revisions\/838"}],"wp:featuredmedia":[{"embeddable":true,"href":"https:\/\/gemeinsam-kaempfen.de\/index.php?rest_route=\/wp\/v2\/media\/445"}],"wp:attachment":[{"href":"https:\/\/gemeinsam-kaempfen.de\/index.php?rest_route=%2Fwp%2Fv2%2Fmedia&parent=501"}],"wp:term":[{"taxonomy":"category","embeddable":true,"href":"https:\/\/gemeinsam-kaempfen.de\/index.php?rest_route=%2Fwp%2Fv2%2Fcategories&post=501"},{"taxonomy":"post_tag","embeddable":true,"href":"https:\/\/gemeinsam-kaempfen.de\/index.php?rest_route=%2Fwp%2Fv2%2Ftags&post=501"}],"curies":[{"name":"wp","href":"https:\/\/api.w.org\/{rel}","templated":true}]}}