{"id":539,"date":"2022-07-07T13:15:35","date_gmt":"2022-07-07T11:15:35","guid":{"rendered":"https:\/\/gemeinsam-kaempfen.de\/?p=539"},"modified":"2022-08-24T16:11:44","modified_gmt":"2022-08-24T14:11:44","slug":"widerstandsmuseum-in-kobane","status":"publish","type":"post","link":"https:\/\/gemeinsam-kaempfen.de\/?p=539","title":{"rendered":"Widerstandsmuseum in Koban\u00ea"},"content":{"rendered":"\n<p><\/p>\n\n\n\n<p>19.12.2018<\/p>\n\n\n\n<p><\/p>\n\n\n\n<p>Wir fahren in ein Stadtviertel Koban\u00eas, das von den Zeichen des Krieges und der fast v\u00f6lligen Zerst\u00f6rung noch stark gekennzeichnet ist. Dieser Teil der Stadt ist eine lebendige Erinnerung an den Widerstandskampf gegen die brutalen Angriffe von Daesh zwischen 2014 und 2015, als Koban\u00ea von YPG\/YPJ-Einheiten befreit wurde. Damit der Kampf der YPG und YPJ nicht vergessen wird, wurde beschlossen circa 10% der Stadt zu einem sogenannten Freiluftmuseum zu machen. Deshalb wurde ein Teil der Stadt als Museum in seinem zerst\u00f6rten Zustand belassen und nicht wieder aufgebaut.<\/p>\n\n\n\n<p>Dies ist schon von weitem sichtbar. Das erste hohe Geb\u00e4ude, das uns ins Auge f\u00e4llt, ist komplett freigelegt. Die Au\u00dfenfassade ist nicht mehr vorhanden und man kann nur noch den Rohbau mit seinen einzelnen Etagen erkennen. Dieses Geb\u00e4ude wurde nach einer Gruppe aus Haleb (Aleppo) benannt, deren st\u00e4dtische Kriegserfahrungen f\u00fcr den Kampf in Koban\u00ea sehr wichtig waren. Sie waren es, die damals die Stellungen der Freund*innen ausbauten. Daran erinnern auch noch einige Metallf\u00e4sser, die vorne am Rand einer Etage des Hauses stehen und die den Freund*innen der YPG und YPJ damals zum Schutz dienten.<\/p>\n\n\n\n<figure class=\"wp-block-image size-full\"><img fetchpriority=\"high\" decoding=\"async\" width=\"768\" height=\"432\" src=\"https:\/\/gemeinsam-kaempfen.de\/wp-content\/uploads\/2022\/07\/55-edited.jpg\" alt=\"\" class=\"wp-image-540\" srcset=\"https:\/\/gemeinsam-kaempfen.de\/wp-content\/uploads\/2022\/07\/55-edited.jpg 768w, https:\/\/gemeinsam-kaempfen.de\/wp-content\/uploads\/2022\/07\/55-edited-300x169.jpg 300w\" sizes=\"(max-width: 768px) 100vw, 768px\" \/><\/figure>\n\n\n\n<p>Wir laufen weiter und kommen an den \u00dcberresten eines Autos vorbei, das in die Luft gesprengt wurde. Auch schwere Kriegsger\u00e4te sind als Mahnmal stehengelassen worden. Uns wird erz\u00e4hlt, dass damit Daesh-K\u00e4mpfer wahllos in die Stadt schossen, um die Menschen einzusch\u00fcchtern und zu ver\u00e4ngstigen.<\/p>\n\n\n\n<figure class=\"wp-block-image size-full is-resized\"><img decoding=\"async\" src=\"https:\/\/gemeinsam-kaempfen.de\/wp-content\/uploads\/2022\/07\/56-edited.jpg\" alt=\"\" class=\"wp-image-541\" width=\"621\" height=\"388\" srcset=\"https:\/\/gemeinsam-kaempfen.de\/wp-content\/uploads\/2022\/07\/56-edited.jpg 768w, https:\/\/gemeinsam-kaempfen.de\/wp-content\/uploads\/2022\/07\/56-edited-300x188.jpg 300w\" sizes=\"(max-width: 621px) 100vw, 621px\" \/><\/figure>\n\n\n\n<p>Wir laufen durch die Tr\u00fcmmer, die zum Teil nur noch erahnen lassen, dass hier einmal H\u00e4user standen in denen Menschen lebten. Eingest\u00fcrzte D\u00e4cher, halbe H\u00e4userw\u00e4nde, verrostete Metallteile und Treppen, Schutt und Steine \u00fcberall wo man hinblickt. Die Stra\u00dfen und H\u00e4user sind gef\u00fcllt mit Geschichten gefallener K\u00e4mpfer*innen, dem Leid der Bev\u00f6lkerung, der Grausamkeit von Daesh, aber auch der Widerst\u00e4ndigkeit der Menschen hier. Unsere Gedanken kreisen um das Erlebte, dass uns der Freund erz\u00e4hlt. Von hier und dort h\u00f6ren wir laute Pfiffe, Hundegebell und Rufe. Zwischen den Tr\u00fcmmern leben nun auch wieder Familien und Kinder spielen auf den eingest\u00fcrzten D\u00e4chern oder rennen umher.<\/p>\n\n\n\n<p>Neben dem Mahnmal ist das Museum gleichzeitig auch als eine Botschaft der Hoffnung zu verstehen, denn dank der Entschlossenheit und des Widerstandes der Selbstverteidigungseinheiten konnte die Stadt befreit werden.<\/p>\n\n\n\n<figure class=\"wp-block-image size-full is-resized\"><img decoding=\"async\" src=\"https:\/\/gemeinsam-kaempfen.de\/wp-content\/uploads\/2022\/07\/58.jpg\" alt=\"\" class=\"wp-image-428\" width=\"523\" height=\"392\" srcset=\"https:\/\/gemeinsam-kaempfen.de\/wp-content\/uploads\/2022\/07\/58.jpg 768w, https:\/\/gemeinsam-kaempfen.de\/wp-content\/uploads\/2022\/07\/58-300x225.jpg 300w\" sizes=\"(max-width: 523px) 100vw, 523px\" \/><\/figure>\n\n\n\n<p>Der Krieg um Koban\u00ea war sehr schwer und viele Freund*innen fielen im Kampf gegen Daesh. Die Stadt war damals komplett umzingelt. Auf der einen Seite durch die T\u00fcrkei, die Daesh mit Waffen aushalfen und \u00fcber die Grenze Daesh K\u00e4mpfer passieren lie\u00dfen. Von der anderen durch Daesh, die den Rest der Stadt einkesselten. Die Orte, die wir sehen, sind alle gef\u00fcllt mit Geschichten von Gefallenen. Zu einer Stelle wird uns erz\u00e4hlt, dass sich Daesh K\u00e4mpfer hier zwischen den Freund*innen in die Luft sprengten. Es gab eine gro\u00dfe Anzahl Verletzter, die darauf warteten \u00fcber die t\u00fcrkische Grenze zu kommen. Diese wurde allerdings nicht ge\u00f6ffnet und viele starben dadurch an ihren Verletzungen.<\/p>\n\n\n\n<p>Im Laufe der Operation hatte fast die gesamte Bev\u00f6lkerung Koban\u00ea verlassen. Die Stadt war wie leergefegt, erz\u00e4hlt uns der Freund. Es war mitten im Winter, sehr kalt und matschig, es gab nichts mehr zum Heizen. Strom und Wasser waren abgestellt, es war dunkel und es gab kaum Essen. Zum Ende hin gab es nur noch wenige, einige dutzende, Freund*innen der YPG und YPJ, die unter schwersten Bedingungen Widerstand leisteten. In jeder Stellung waren nur noch zwei oder drei Personen.<\/p>\n\n\n<div class=\"wp-block-image\">\n<figure class=\"alignleft size-full\"><img loading=\"lazy\" decoding=\"async\" width=\"432\" height=\"576\" src=\"https:\/\/gemeinsam-kaempfen.de\/wp-content\/uploads\/2022\/07\/59-edited.jpg\" alt=\"\" class=\"wp-image-542\" srcset=\"https:\/\/gemeinsam-kaempfen.de\/wp-content\/uploads\/2022\/07\/59-edited.jpg 432w, https:\/\/gemeinsam-kaempfen.de\/wp-content\/uploads\/2022\/07\/59-edited-225x300.jpg 225w\" sizes=\"(max-width: 432px) 100vw, 432px\" \/><\/figure>\n<\/div>\n\n\n<p>Vor uns sperren ein paar Steine den Weg hab. Hier darf niemand durchgehen, weil das Geb\u00e4ude direkt vor uns einsturzgef\u00e4hrdet ist. Das fast zerfallene Haus wurde nach \u015eeh\u00eed Dest\u00eena benannt. Hier sind 14 Freund*innen gefallen. An dem Tag war es regnerisch und nebelig, die Sichtverh\u00e4ltnisse waren sehr schlecht. Unter dem Haus war ein mit Minen beladenes Auto, dass Daesh per Fernkommando in die Luft sprengte. Auch das zerfallene Geb\u00e4ude daneben erz\u00e4hlt eine Geschichte des Widerstands. Hier wurde nach der Befreiung Koban\u00eas eine gefallene Freundin gefunden, die ihre Kalaschnikow noch fest in ihrem ausgestreckten Arm hielt. Sie ist zum Symbol f\u00fcr die Willenst\u00e4rke der Freund*innen geworden, die bis zum Schluss k\u00e4mpften.<\/p>\n\n\n\n<p>Wenn es um Widerstand geht, kommt auch immer der Name von \u015eeh\u00eed Karker auf. Er war mit zust\u00e4ndig f\u00fcr die R\u00e4umung von Minen und nicht explodierten Bomben in der weitgehend zerst\u00f6rten Stadt und arbeitete mit am Museum. Im Juni 2015 kam es zu einem erneuten Angriff durch Daesh. Dabei gelangten Daesh K\u00e4mpfer \u00fcber die t\u00fcrkische Grenze, durch eine List, in die Stadt und ermordeten circa 300 Zivilisten, darunter auch Heval Karker.<\/p>\n\n\n\n<p><\/p>\n\n\n\n<p>Der Freund f\u00fchrt uns weiter zu zwei Glask\u00e4sten. Hier wurden nach der Befreiung nur noch die Haare von zwei Freundinnen gefunden.<\/p>\n\n\n\n<p>Auf der gegen\u00fcberliegenden Stra\u00dfenseite werden wir von einem vorbeigehenden Stadtbewohner angesprochen. Er erz\u00e4hlt von seinem Sohn, der ebenfalls bei den K\u00e4mpfen gefallen ist. Je mehr wir mit Menschen ins Gespr\u00e4ch kommen, desto mehr merken wir, dass die Stadt Koban\u00ea voll ist mit Geschichten \u00fcber den Krieg und die Besatzung, aber auch \u00fcber den Widerstand.<\/p>\n","protected":false},"excerpt":{"rendered":"<p>19.12.2018 Wir fahren in ein Stadtviertel Koban\u00eas, das von den Zeichen des Krieges und der fast v\u00f6lligen Zerst\u00f6rung noch stark gekennzeichnet ist. Dieser Teil der Stadt ist eine lebendige Erinnerung an den Widerstandskampf gegen die brutalen Angriffe von Daesh zwischen 2014 und 2015, als Koban\u00ea von YPG\/YPJ-Einheiten befreit wurde. Damit der Kampf der YPG und [&hellip;]<\/p>\n","protected":false},"author":1,"featured_media":427,"comment_status":"open","ping_status":"open","sticky":false,"template":"","format":"standard","meta":{"om_disable_all_campaigns":false,"_monsterinsights_skip_tracking":false,"_monsterinsights_sitenote_active":false,"_monsterinsights_sitenote_note":"","_monsterinsights_sitenote_category":0,"footnotes":""},"categories":[8],"tags":[],"class_list":["post-539","post","type-post","status-publish","format-standard","has-post-thumbnail","hentry","category-feministische-delegation-rojava"],"aioseo_notices":[],"_links":{"self":[{"href":"https:\/\/gemeinsam-kaempfen.de\/index.php?rest_route=\/wp\/v2\/posts\/539","targetHints":{"allow":["GET"]}}],"collection":[{"href":"https:\/\/gemeinsam-kaempfen.de\/index.php?rest_route=\/wp\/v2\/posts"}],"about":[{"href":"https:\/\/gemeinsam-kaempfen.de\/index.php?rest_route=\/wp\/v2\/types\/post"}],"author":[{"embeddable":true,"href":"https:\/\/gemeinsam-kaempfen.de\/index.php?rest_route=\/wp\/v2\/users\/1"}],"replies":[{"embeddable":true,"href":"https:\/\/gemeinsam-kaempfen.de\/index.php?rest_route=%2Fwp%2Fv2%2Fcomments&post=539"}],"version-history":[{"count":2,"href":"https:\/\/gemeinsam-kaempfen.de\/index.php?rest_route=\/wp\/v2\/posts\/539\/revisions"}],"predecessor-version":[{"id":833,"href":"https:\/\/gemeinsam-kaempfen.de\/index.php?rest_route=\/wp\/v2\/posts\/539\/revisions\/833"}],"wp:featuredmedia":[{"embeddable":true,"href":"https:\/\/gemeinsam-kaempfen.de\/index.php?rest_route=\/wp\/v2\/media\/427"}],"wp:attachment":[{"href":"https:\/\/gemeinsam-kaempfen.de\/index.php?rest_route=%2Fwp%2Fv2%2Fmedia&parent=539"}],"wp:term":[{"taxonomy":"category","embeddable":true,"href":"https:\/\/gemeinsam-kaempfen.de\/index.php?rest_route=%2Fwp%2Fv2%2Fcategories&post=539"},{"taxonomy":"post_tag","embeddable":true,"href":"https:\/\/gemeinsam-kaempfen.de\/index.php?rest_route=%2Fwp%2Fv2%2Ftags&post=539"}],"curies":[{"name":"wp","href":"https:\/\/api.w.org\/{rel}","templated":true}]}}