{"id":544,"date":"2022-07-07T13:17:08","date_gmt":"2022-07-07T11:17:08","guid":{"rendered":"https:\/\/gemeinsam-kaempfen.de\/?p=544"},"modified":"2022-08-24T16:11:02","modified_gmt":"2022-08-24T14:11:02","slug":"ein-besuch-bei-der-autonomen-selbstverwaltung-in-kobane","status":"publish","type":"post","link":"https:\/\/gemeinsam-kaempfen.de\/?p=544","title":{"rendered":"Ein Besuch bei der autonomen Selbstverwaltung in Koban\u00ea"},"content":{"rendered":"\t\t<div data-elementor-type=\"wp-post\" data-elementor-id=\"544\" class=\"elementor elementor-544\">\n\t\t\t\t\t\t<section class=\"elementor-section elementor-top-section elementor-element elementor-element-645c37cc elementor-section-boxed elementor-section-height-default elementor-section-height-default\" data-id=\"645c37cc\" data-element_type=\"section\">\n\t\t\t\t\t\t<div class=\"elementor-container elementor-column-gap-default\">\n\t\t\t\t\t<div class=\"elementor-column elementor-col-100 elementor-top-column elementor-element elementor-element-3e927d50\" data-id=\"3e927d50\" data-element_type=\"column\">\n\t\t\t<div class=\"elementor-widget-wrap elementor-element-populated\">\n\t\t\t\t\t\t<div class=\"elementor-element elementor-element-34697298 elementor-widget elementor-widget-text-editor\" data-id=\"34697298\" data-element_type=\"widget\" data-widget_type=\"text-editor.default\">\n\t\t\t\t<div class=\"elementor-widget-container\">\n\t\t\t\t\t\t\t\t\t<p><\/p>\n<p>19.12.2018<\/p>\n<p>\u00a0<\/p>\n<p>Wir besuchen in Koban\u00ea die autonome Selbstverwaltung der Region Firat (Euphrat). Sie verwaltet als eine Art Landkreis (Her\u00eam) die zwei Kantone Koban\u00ea und Gir\u00ea Sp\u00ee. Mit der Befreiung der neuen Gebieten von Daesh erweiterte sich die F\u00f6deration Nordsyrien und es wurde notwendig die Verwaltungsstruktur umzustellen. Deswegen wurden vor einem Jahr die Kantone zu Landkreisen zusammengelegt.<\/p>\n<p><\/p>\n<p><\/p>\n<p>Das gro\u00dfe Geb\u00e4ude ist ein zweist\u00f6ckiger Neubau, bei dem noch deutlich die Einschussl\u00f6cher des Krieges zu sehen sind. \u201cDas Haus war zu Regimezeiten die Zentrale des Geheimdienstes. Hier hatten sie ihre B\u00fcros, die Folterkeller waren woanders\u201d, erkl\u00e4rt uns Heval Zozan, unsere Begleiterin. Im Flur gibt es eine kleine Fotoausstellung mit Stadtbildern von Koban\u00ea vor und direkt nach dem Krieg. H\u00e4user sind wenn \u00fcberhaupt auf letzterem nur noch als Betonskelette zu erkennen,<\/p>\n<p><\/p>\t\t\t\t\t\t\t\t<\/div>\n\t\t\t\t<\/div>\n\t\t\t\t\t<\/div>\n\t\t<\/div>\n\t\t\t\t\t<\/div>\n\t\t<\/section>\n\t\t\t\t<section class=\"elementor-section elementor-top-section elementor-element elementor-element-1a51a0d elementor-section-boxed elementor-section-height-default elementor-section-height-default\" data-id=\"1a51a0d\" data-element_type=\"section\">\n\t\t\t\t\t\t<div class=\"elementor-container elementor-column-gap-default\">\n\t\t\t\t\t<div class=\"elementor-column elementor-col-50 elementor-top-column elementor-element elementor-element-748a9ad\" data-id=\"748a9ad\" data-element_type=\"column\">\n\t\t\t<div class=\"elementor-widget-wrap elementor-element-populated\">\n\t\t\t\t\t\t<div class=\"elementor-element elementor-element-6bc85dd elementor-widget elementor-widget-image\" data-id=\"6bc85dd\" data-element_type=\"widget\" data-widget_type=\"image.default\">\n\t\t\t\t<div class=\"elementor-widget-container\">\n\t\t\t\t\t\t\t\t\t\t\t\t\t\t\t<img fetchpriority=\"high\" decoding=\"async\" width=\"768\" height=\"576\" src=\"https:\/\/gemeinsam-kaempfen.de\/wp-content\/uploads\/2022\/07\/61.jpg\" class=\"attachment-large size-large wp-image-431\" alt=\"\" srcset=\"https:\/\/gemeinsam-kaempfen.de\/wp-content\/uploads\/2022\/07\/61.jpg 768w, https:\/\/gemeinsam-kaempfen.de\/wp-content\/uploads\/2022\/07\/61-300x225.jpg 300w\" sizes=\"(max-width: 768px) 100vw, 768px\" \/>\t\t\t\t\t\t\t\t\t\t\t\t\t\t\t<\/div>\n\t\t\t\t<\/div>\n\t\t\t\t\t<\/div>\n\t\t<\/div>\n\t\t\t\t<div class=\"elementor-column elementor-col-50 elementor-top-column elementor-element elementor-element-0a0b108\" data-id=\"0a0b108\" data-element_type=\"column\">\n\t\t\t<div class=\"elementor-widget-wrap elementor-element-populated\">\n\t\t\t\t\t\t<div class=\"elementor-element elementor-element-d7929c5 elementor-widget elementor-widget-image\" data-id=\"d7929c5\" data-element_type=\"widget\" data-widget_type=\"image.default\">\n\t\t\t\t<div class=\"elementor-widget-container\">\n\t\t\t\t\t\t\t\t\t\t\t\t\t\t\t<img decoding=\"async\" width=\"768\" height=\"576\" src=\"https:\/\/gemeinsam-kaempfen.de\/wp-content\/uploads\/2022\/07\/60.jpg\" class=\"attachment-large size-large wp-image-430\" alt=\"\" srcset=\"https:\/\/gemeinsam-kaempfen.de\/wp-content\/uploads\/2022\/07\/60.jpg 768w, https:\/\/gemeinsam-kaempfen.de\/wp-content\/uploads\/2022\/07\/60-300x225.jpg 300w\" sizes=\"(max-width: 768px) 100vw, 768px\" \/>\t\t\t\t\t\t\t\t\t\t\t\t\t\t\t<\/div>\n\t\t\t\t<\/div>\n\t\t\t\t\t<\/div>\n\t\t<\/div>\n\t\t\t\t\t<\/div>\n\t\t<\/section>\n\t\t\t\t<section class=\"elementor-section elementor-top-section elementor-element elementor-element-28c8f1a elementor-section-boxed elementor-section-height-default elementor-section-height-default\" data-id=\"28c8f1a\" data-element_type=\"section\">\n\t\t\t\t\t\t<div class=\"elementor-container elementor-column-gap-default\">\n\t\t\t\t\t<div class=\"elementor-column elementor-col-100 elementor-top-column elementor-element elementor-element-d7ad077\" data-id=\"d7ad077\" data-element_type=\"column\">\n\t\t\t<div class=\"elementor-widget-wrap elementor-element-populated\">\n\t\t\t\t\t\t<div class=\"elementor-element elementor-element-62bddf0 elementor-widget elementor-widget-text-editor\" data-id=\"62bddf0\" data-element_type=\"widget\" data-widget_type=\"text-editor.default\">\n\t\t\t\t<div class=\"elementor-widget-container\">\n\t\t\t\t\t\t\t\t\t<p>Es ist beeindruckend, wieviel Aufbauarbeit in der Stadt schon geleistet wurde, wenn man sich den jetzigen Zustand anschaut. \u00dcberall wird neu gebaut.<\/p>\n<p>Wir haben die M\u00f6glichkeit mit einigen Frauen Interviews zu f\u00fchren, die in unterschiedlichen Bereichen der Verwaltung t\u00e4tig sind. Unser erstes Gespr\u00e4ch f\u00fchren wir mit der Freundin Gule, Ko-Vorsitzende (Hevserok) der Au\u00dfenbeziehungen der Frauenkommisson.<\/p>\t\t\t\t\t\t\t\t<\/div>\n\t\t\t\t<\/div>\n\t\t\t\t\t<\/div>\n\t\t<\/div>\n\t\t\t\t\t<\/div>\n\t\t<\/section>\n\t\t\t\t<section class=\"elementor-section elementor-top-section elementor-element elementor-element-df6d212 elementor-section-boxed elementor-section-height-default elementor-section-height-default\" data-id=\"df6d212\" data-element_type=\"section\">\n\t\t\t\t\t\t<div class=\"elementor-container elementor-column-gap-default\">\n\t\t\t\t\t<div class=\"elementor-column elementor-col-100 elementor-top-column elementor-element elementor-element-fad72cb\" data-id=\"fad72cb\" data-element_type=\"column\">\n\t\t\t<div class=\"elementor-widget-wrap elementor-element-populated\">\n\t\t\t\t\t\t<div class=\"elementor-element elementor-element-64524ab elementor-widget elementor-widget-image\" data-id=\"64524ab\" data-element_type=\"widget\" data-widget_type=\"image.default\">\n\t\t\t\t<div class=\"elementor-widget-container\">\n\t\t\t\t\t\t\t\t\t\t\t\t\t\t\t<img decoding=\"async\" width=\"768\" height=\"576\" src=\"https:\/\/gemeinsam-kaempfen.de\/wp-content\/uploads\/2022\/07\/63.jpg\" class=\"attachment-large size-large wp-image-433\" alt=\"\" srcset=\"https:\/\/gemeinsam-kaempfen.de\/wp-content\/uploads\/2022\/07\/63.jpg 768w, https:\/\/gemeinsam-kaempfen.de\/wp-content\/uploads\/2022\/07\/63-300x225.jpg 300w\" sizes=\"(max-width: 768px) 100vw, 768px\" \/>\t\t\t\t\t\t\t\t\t\t\t\t\t\t\t<\/div>\n\t\t\t\t<\/div>\n\t\t\t\t\t<\/div>\n\t\t<\/div>\n\t\t\t\t\t<\/div>\n\t\t<\/section>\n\t\t\t\t<section class=\"elementor-section elementor-top-section elementor-element elementor-element-0832599 elementor-section-boxed elementor-section-height-default elementor-section-height-default\" data-id=\"0832599\" data-element_type=\"section\">\n\t\t\t\t\t\t<div class=\"elementor-container elementor-column-gap-default\">\n\t\t\t\t\t<div class=\"elementor-column elementor-col-100 elementor-top-column elementor-element elementor-element-3ed40f5\" data-id=\"3ed40f5\" data-element_type=\"column\">\n\t\t\t<div class=\"elementor-widget-wrap elementor-element-populated\">\n\t\t\t\t\t\t<div class=\"elementor-element elementor-element-dcae0e7 elementor-widget elementor-widget-text-editor\" data-id=\"dcae0e7\" data-element_type=\"widget\" data-widget_type=\"text-editor.default\">\n\t\t\t\t<div class=\"elementor-widget-container\">\n\t\t\t\t\t\t\t\t\t<p>Wir sprechen \u00fcber den Wiederaufbau der Stadt und Gesellschaft nach dem Krieg ab 2014. Als die Selbstverwaltung aufgebaut wurde, seien viele Menschen, die wegen des Krieges aus der Stadt flohen, nach Koban\u00ea zur\u00fcckgekommen und wollten sich an den Aufbauarbeiten beteiligen.<\/p>\n<p>Besonders Frauen spielen eine zentrale Rolle, erkl\u00e4rt uns Heval Gule. Die Frauen stecken mitten in einem unglaublichen Befreiungsprozess &#8211; im Vergleich zu ihrer Situation zu Regimezeiten und jetzt. Vorher seien sie im \u00f6ffentlichen Leben praktisch unsichtbar gewesen, die wenigsten jungen Frauen besuchten eine weiterf\u00fchrende Schule. Die h\u00f6chste gesellschaftliche Position bis zum Jahr 2010, die eine Frau erreichen konnte, war der Beruf der Lehrerin. Frauen waren ausschlie\u00dflich f\u00fcr den Haushalt und die Erziehung der Kinder zust\u00e4ndig. Das sei zwar zum grossen Teil heute auch noch so, dennoch partizipieren nun Frauen vermehrt im politischen, sozialen und \u00f6ffentlichem Leben. Eine Ver\u00e4nderung sei schon sp\u00fcrbar, so Gule. Aber bis ein tiefgreifender Wandel im Bewusstsein der Gesellschaft erreicht werde, sei es noch ein weiter Weg.<\/p>\n<p>Die Kommission in ihrem Zust\u00e4ndigkeitsbereich, macht viel Bildungsarbeit. Sie beginnen mit autonomer Frauenbildung, in der sie \u00fcber Frauenrechte sprechen. Dann folgen gemischte Bildungen und die M\u00e4nnerbildungen. Aber nicht nur ihre Kommission realisiert die Bildungsarbeiten. \u201cAm 25.11. zum Beispiel haben sich alle Fraueninstitutionen und -einrichtungen daran beteiligt \u00fcberall in der Stadt Seminare zum Thema Gewalt gegen Frauen durchzuf\u00fchren.\u201d berichtet Gule.<\/p>\n<p>Einen wichtigen Einfluss auf die Gesellschaft hatten die K\u00e4mpferinnen der YPJ, die eine aktive Rolle bei der Befreiung Koban\u00eas spielten, beschreibt Gule. Sie dienen als Vorbild, alle haben erfahren, dass Frauen selbstbewusst k\u00e4mpfen k\u00f6nnen und auch dadurch habe sich das Frauenbild gewandelt, erkl\u00e4rt Gule. \u201cSie haben auch mich dazu gebracht, dass ich das Haus verlassen und arbeiten m\u00f6chte, dass ich einen aktiven Beitrag in diesem Prozess leisten kann.\u201d Das gegen\u00fcber der Familie durchzusetzen war \u00fcberhaupt nicht leicht, erg\u00e4nzt Gule.<\/p>\t\t\t\t\t\t\t\t<\/div>\n\t\t\t\t<\/div>\n\t\t\t\t\t<\/div>\n\t\t<\/div>\n\t\t\t\t\t<\/div>\n\t\t<\/section>\n\t\t\t\t<section class=\"elementor-section elementor-top-section elementor-element elementor-element-e5243d2 elementor-section-boxed elementor-section-height-default elementor-section-height-default\" data-id=\"e5243d2\" data-element_type=\"section\">\n\t\t\t\t\t\t<div class=\"elementor-container elementor-column-gap-default\">\n\t\t\t\t\t<div class=\"elementor-column elementor-col-100 elementor-top-column elementor-element elementor-element-55003f3\" data-id=\"55003f3\" data-element_type=\"column\">\n\t\t\t<div class=\"elementor-widget-wrap elementor-element-populated\">\n\t\t\t\t\t\t<div class=\"elementor-element elementor-element-c4b7d5c elementor-widget elementor-widget-image\" data-id=\"c4b7d5c\" data-element_type=\"widget\" data-widget_type=\"image.default\">\n\t\t\t\t<div class=\"elementor-widget-container\">\n\t\t\t\t\t\t\t\t\t\t\t\t\t\t\t<img loading=\"lazy\" decoding=\"async\" width=\"768\" height=\"576\" src=\"https:\/\/gemeinsam-kaempfen.de\/wp-content\/uploads\/2022\/07\/64.jpg\" class=\"attachment-large size-large wp-image-434\" alt=\"\" srcset=\"https:\/\/gemeinsam-kaempfen.de\/wp-content\/uploads\/2022\/07\/64.jpg 768w, https:\/\/gemeinsam-kaempfen.de\/wp-content\/uploads\/2022\/07\/64-300x225.jpg 300w\" sizes=\"(max-width: 768px) 100vw, 768px\" \/>\t\t\t\t\t\t\t\t\t\t\t\t\t\t\t<\/div>\n\t\t\t\t<\/div>\n\t\t\t\t\t<\/div>\n\t\t<\/div>\n\t\t\t\t\t<\/div>\n\t\t<\/section>\n\t\t\t\t<section class=\"elementor-section elementor-top-section elementor-element elementor-element-97732af elementor-section-boxed elementor-section-height-default elementor-section-height-default\" data-id=\"97732af\" data-element_type=\"section\">\n\t\t\t\t\t\t<div class=\"elementor-container elementor-column-gap-default\">\n\t\t\t\t\t<div class=\"elementor-column elementor-col-100 elementor-top-column elementor-element elementor-element-7ed0028\" data-id=\"7ed0028\" data-element_type=\"column\">\n\t\t\t<div class=\"elementor-widget-wrap elementor-element-populated\">\n\t\t\t\t\t\t<div class=\"elementor-element elementor-element-af1c7a7 elementor-widget elementor-widget-text-editor\" data-id=\"af1c7a7\" data-element_type=\"widget\" data-widget_type=\"text-editor.default\">\n\t\t\t\t<div class=\"elementor-widget-container\">\n\t\t\t\t\t\t\t\t\t<p>Heval Hel\u00een ist unsere zweite Gespr\u00e4chspartnerin und Sprecherin des Rates der Euphratregion. Sie kn\u00fcpft mit ihren Ausf\u00fchrungen zum Prinzip des Ko-Vorsitzes an unser vorheriges Gespr\u00e4ch an:<\/p>\n<p>\u201cNeben den Bildungen, die zum Thema Gleichberechtigung durchgef\u00fchrt werden, ist auch eine strukturelle Ver\u00e4nderung entscheidend. Daher wurde 2014 das Prinzip des Ko-Vorsitzes eingef\u00fchrt.\u201d Das sei auf den ersten Blick zwar nur eine formale Quotenregelung, aber bedeutet f\u00fcr diese Gesellschaft einen dar\u00fcber hinausgehenden Wandel, betont Hel\u00een. In allen gesellschaftlichen Bereichen, Institutionen, Organisationen, R\u00e4ten, Kommunen, etc. gibt es eine Frau und einen Mann im Vorsitz. Die Quote ist auf 50% festgelegt. In der Verwaltung hier im Landkreis arbeiten aber 60% Frauen, das h\u00e4tte sich Schritt f\u00fcr Schritt entwickelt, so Hel\u00een.<\/p>\n<p>Von Anfang an haben zwar immer mehr Frauen in den Strukturen gearbeitet, aber in den h\u00f6heren Positionen waren wiederum nur M\u00e4nner verantwortlich. Daher wurde das anhand des Quotensystems formalisiert. Hel\u00een erz\u00e4hlt, dass es viele Schwierigkeiten bei der Umsetzung des Prinzips gab: \u201cZum Beispiel haben sich dann einige doch nur an den m\u00e4nnlichen Vorsitz gewandt. Frauen mussten sich das auch erstmal selbst aneignen, sich was zuzutrauen.\u201d Das Hevseroksystem sei auch wichtig, weil sich so eine gleichberechtigte Zusammenarbeit zwischen M\u00e4nnern und Frauen entwickeln kann.<\/p>\n<p>Mit der Frauenrevolution h\u00e4tten Frauen gro\u00dfe Schritte gemacht, jetzt seien 85% aller Frauen in unterschiedlichen Arbeiten aktiv, so Hel\u00een. Es gibt alle zwei Jahre ein Rotationsprinzip. In der Leitung, als auch in den unterschiedlichen Kommissionen. Hel\u00een erz\u00e4hlt, dass sie vorher in den autonomen Frauenarbeiten aktiv war. \u201cEs ist gut f\u00fcr die Entwicklung von Menschen, wenn sie verschiedene Sachen machen und sich neuen Herausforderungen stellen.\u201d Weiter f\u00fchrt sie aus, dass Frauen immer autonom und in gemischten Strukturen organisiert sind. Bei Bereichen, die nur Frauen betreffen, gibt es nur eine weibliche Leitung.<\/p>\n<p>Hel\u00een erkl\u00e4rt uns geduldig den Aufbau der Verwaltung mit den unterschiedlichen Kommissionen, Kommunen, R\u00e4ten, Gebieten und zivilgesellschaftlichen Dachverb\u00e4nden. Der Rat der Region Euphrat organisiert sich in verschiedenen Kommissionen, die alle unterschiedliche Aufgabenbereiche abdecken: Frauen, Sicherheit, Recht, Bildung, Gesundheit, Stadtverwaltung, Gesellschaft, Diplomatie (Aussenarbeit), Verteidigung, Jugend, Finanzen, Wirtschaft und Energie.<\/p>\n<p>Wir fragen nach, welche Einnahmen die Verwaltung eigentlich hat, denn Hel\u00een z\u00e4hlt uns auf, was alles von der Selbstverwaltung getragen wird. Zum Beispiel gibt es eine soziale Unterst\u00fctzung in den Gefl\u00fcchtetencamps, die Krankenh\u00e4user sind kostenlos, es gibt auch eine finanzielle Unterst\u00fctzung f\u00fcr die Familien von Gefallenen. Ob es so etwas wie Steuern g\u00e4be?<\/p>\n<p>Nein, in diesem Landkreis zumindest nicht, berichtet Hel\u00een. \u201cJeder Haushalt gibt im Monat 10.000 syrische Pfund (20 Euro) f\u00fcr Wasser und Strom.\u201d Weitere Einnahmen ergeben sich \u00fcber den Grenzhandel, das Erd\u00f6l und den Strom, der nach Syrien verkauft wird. Au\u00dferhalb von Syrien kann aufgrund des Embargos nichts verkauft werden. Es gebe noch viele Quellen zur Erd\u00f6lf\u00f6rderung &#8211; die meisten seien aber stillgelegt, erz\u00e4hlt Heval Hev\u00een weiter. \u00dcber die Kooperativen k\u00e4men auch Einnahmen f\u00fcr die Stadtverwaltungen herein. Zwischen den Kantonen werden auch Gelder umverteilt, je nachdem wo was ben\u00f6tigt wird. In gro\u00dfen Teilen versorge sich die Bev\u00f6lkerung, so gut es geht, selbst. Das w\u00fcrde die Selbstverwaltung auch unterst\u00fctzen.<\/p>\n<p>Das letzte Interview f\u00fchren mit Heval Nesrin, die f\u00fcr die Energiekommission zust\u00e4ndig ist. Ihre Kommission k\u00fcmmert sich um drei Bereiche: Brennstoffe, Gas und Elektrizit\u00e4t. Elektrizit\u00e4t beziehen sie im Moment von drei Staud\u00e4mmen. Das gr\u00f6sste Problem dabei sei aber das Wasser. Es g\u00e4be sehr wenig Wasser, weil die T\u00fcrkei das Wasser aufstaut. \u201cWenig Wasser hei\u00dft wenig Strom,\u201d berichtet sie. Eigentlich k\u00f6nnte man jede Sekunde 500 Kilowatt Strom produzieren, aber im Moment sind es nur 200 KW. Neben den zus\u00e4tzlichen Generatoren, l\u00e4uft die gesamte Stromversorgung \u00fcber Wasserkraft. Durch den Krieg gab es jedoch viele Schwierigkeiten. Viel Infrastruktur wurde erst vom Regime, dann von Daesh zerst\u00f6rt. Mit viel Arbeit wurde ein Teil der Infrastruktur wieder aufgebaut, so dass es jetzt in allen Gebieten wieder Strom, wenn auch nicht durchg\u00e4ngig gibt.<\/p>\n<p>Wir fragen sie nach Pl\u00e4nen alternativer Energiequellen. Nesrin berichtet uns \u00fcber Pl\u00e4ne zur Gewinnung von Solarenergie. Au\u00dferdem planen sie ein Projekt zur Biogasherstellung. Aber es braucht Fachwissen daf\u00fcr, was sich gerade angeeignet wird.<\/p>\n<p>Uns f\u00e4llt auf, dass Diesel der Schmierstoff der Revolution ist. Man heizt mit Diesel\u00f6fen, die Generatoren brauchen Diesel, die Autos und Traktoren fahren damit. Deswegen fragen wir Heval Nesrin nach der Verteilung von Gas und Diesel in den Kommunen.<\/p>\n<p>Nesrin erkl\u00e4rt uns: \u201cJede Kommune in den Nachbarschaften hat eine verantwortliche Person f\u00fcr Diesel und Gas, die je nach Kommunenbedarf von einem Verteilungszentrum Gas und Diesel erhalten. Diese Person verteilt das dann an die Haushalte weiter. Im Winter gibt es zwei Verteilungsrunden.\u201d<\/p>\n<p>Nesrin schliesst, dass es schon \u00f6kologischere Zukunftspl\u00e4ne zur Energiegewinnung g\u00e4be und sie dabei sind, diese auszuarbeiten. Aber in der jetzigen Situation und unter diesen Umst\u00e4nden versuchen sie in der Kommission haupts\u00e4chlich \u00fcberhaupt eine Stromversorgung zu gew\u00e4hrleisten.<\/p>\t\t\t\t\t\t\t\t<\/div>\n\t\t\t\t<\/div>\n\t\t\t\t\t<\/div>\n\t\t<\/div>\n\t\t\t\t\t<\/div>\n\t\t<\/section>\n\t\t\t\t<\/div>\n\t\t","protected":false},"excerpt":{"rendered":"<p>19.12.2018 \u00a0 Wir besuchen in Koban\u00ea die autonome Selbstverwaltung der Region Firat (Euphrat). Sie verwaltet als eine Art Landkreis (Her\u00eam) die zwei Kantone Koban\u00ea und Gir\u00ea Sp\u00ee. Mit der Befreiung der neuen Gebieten von Daesh erweiterte sich die F\u00f6deration Nordsyrien und es wurde notwendig die Verwaltungsstruktur umzustellen. Deswegen wurden vor einem Jahr die Kantone zu [&hellip;]<\/p>\n","protected":false},"author":1,"featured_media":432,"comment_status":"open","ping_status":"open","sticky":false,"template":"","format":"standard","meta":{"om_disable_all_campaigns":false,"_monsterinsights_skip_tracking":false,"_monsterinsights_sitenote_active":false,"_monsterinsights_sitenote_note":"","_monsterinsights_sitenote_category":0,"footnotes":""},"categories":[8],"tags":[],"class_list":["post-544","post","type-post","status-publish","format-standard","has-post-thumbnail","hentry","category-feministische-delegation-rojava"],"aioseo_notices":[],"_links":{"self":[{"href":"https:\/\/gemeinsam-kaempfen.de\/index.php?rest_route=\/wp\/v2\/posts\/544","targetHints":{"allow":["GET"]}}],"collection":[{"href":"https:\/\/gemeinsam-kaempfen.de\/index.php?rest_route=\/wp\/v2\/posts"}],"about":[{"href":"https:\/\/gemeinsam-kaempfen.de\/index.php?rest_route=\/wp\/v2\/types\/post"}],"author":[{"embeddable":true,"href":"https:\/\/gemeinsam-kaempfen.de\/index.php?rest_route=\/wp\/v2\/users\/1"}],"replies":[{"embeddable":true,"href":"https:\/\/gemeinsam-kaempfen.de\/index.php?rest_route=%2Fwp%2Fv2%2Fcomments&post=544"}],"version-history":[{"count":14,"href":"https:\/\/gemeinsam-kaempfen.de\/index.php?rest_route=\/wp\/v2\/posts\/544\/revisions"}],"predecessor-version":[{"id":832,"href":"https:\/\/gemeinsam-kaempfen.de\/index.php?rest_route=\/wp\/v2\/posts\/544\/revisions\/832"}],"wp:featuredmedia":[{"embeddable":true,"href":"https:\/\/gemeinsam-kaempfen.de\/index.php?rest_route=\/wp\/v2\/media\/432"}],"wp:attachment":[{"href":"https:\/\/gemeinsam-kaempfen.de\/index.php?rest_route=%2Fwp%2Fv2%2Fmedia&parent=544"}],"wp:term":[{"taxonomy":"category","embeddable":true,"href":"https:\/\/gemeinsam-kaempfen.de\/index.php?rest_route=%2Fwp%2Fv2%2Fcategories&post=544"},{"taxonomy":"post_tag","embeddable":true,"href":"https:\/\/gemeinsam-kaempfen.de\/index.php?rest_route=%2Fwp%2Fv2%2Ftags&post=544"}],"curies":[{"name":"wp","href":"https:\/\/api.w.org\/{rel}","templated":true}]}}