{"id":554,"date":"2022-07-07T13:28:13","date_gmt":"2022-07-07T11:28:13","guid":{"rendered":"https:\/\/gemeinsam-kaempfen.de\/?p=554"},"modified":"2022-08-24T16:09:45","modified_gmt":"2022-08-24T14:09:45","slug":"dringender-aufruf-der-delegation-der-kampagne-gemeinsam-kaempfen-zur-unterstuetzung-der-demokratischen-autonomie-in-rojava-nordsyrien","status":"publish","type":"post","link":"https:\/\/gemeinsam-kaempfen.de\/?p=554","title":{"rendered":"Dringender Aufruf der Delegation der Kampagne \u201cGemeinsam K\u00e4mpfen\u201d zur Unterst\u00fctzung der Demokratischen Autonomie in Rojava\/Nordsyrien"},"content":{"rendered":"\n<p><\/p>\n\n\n\n<p>19.12.2018<\/p>\n\n\n\n<p><\/p>\n\n\n\n<p><strong>Akute Angriffsdrohung gegen Rojava\/Nordsyrien<\/strong><\/p>\n\n\n\n<p>Seit mehreren Tagen k\u00fcndigt Erdogan an, die Demokratische F\u00f6deration Nordsyrien anzugreifen, ganz konkret werden gro\u00dfe Armeeverb\u00e4nde u.a. bei Gire Spi (Tell Abyad) und Serekaniye zusammengezogen.<\/p>\n\n\n\n<p>Die Bev\u00f6lkerung an der Grenze ist in gro\u00dfer Sorge, in ganz Nordsyrien finden Demonstrationen und Mahnwachen statt, Vertreter*innen aller Bev\u00f6lkerungs- und Religionsgruppen haben sich gegen den Einmarsch ausgesprochen und ihre Bereitschaft erkl\u00e4rt das Land zu verteidigen.<\/p>\n\n\n\n<p>Leyla G\u00fcven, inhaftierte HDP-Abgeordnete und Ko-Vorsitzende des zivilgesellschaftlichen Zusammenschlusses DTK (Demokratie Kongress der V\u00f6lker), fordert seit \u00fcber 40 Tagen mit einem Hungerstreik die Aufhebung der Isolation des PKK-Gr\u00fcnders Abdullah \u00d6calan. Inzwischen unterst\u00fctzen Tausende ihre Forderung mit Solidarit\u00e4tshungerstreiks auch in Rojava. Die Hungerstreikenden fordern die Internationale \u00d6ffentlichkeit zu umgehenden Massnahmen gegen die Kriegsdrohungen der T\u00fcrkei auf, die eine Fortsetzung der Totalisolation gegen \u00d6calan darstellen.<\/p>\n\n\n\n<p>Bei der am 10. September gestarteten Offensive der Demokratischen Kr\u00e4fte Syriens (QSD) auf die letzte IS-Hochburg Hajin an der syrisch-irakischen Grenze konnten weitere Gebiete befreit werden.<\/p>\n\n\n\n<p>In dem Zusammenhang erkl\u00e4rte Donald Trump \u00fcber Twitter, der Islamische Staat sei in Syrien besiegt worden. Das sei in seiner Amtszeit der einzige Grund f\u00fcr die US-amerikanische Pr\u00e4senz in dem Land gewesen.<\/p>\n\n\n\n<p>Sollten sich die USA zur\u00fcck ziehen, w\u00e4re das eine 180-Grad-Wendung zu ihrer jetzigen Politik. Verteidigungsminister Jim Mattis und andere hochrangige Stellen hatten zuvor erkl\u00e4rt, die Anwesenheit US-amerikanischer Truppen in Syrien sei unvermeidlich, um ein Wiederaufleben des IS zu verhindern.<\/p>\n\n\n\n<p>Salih M\u00fcslim erkl\u00e4rte heute \u00fcber Ronahi TV es gebe noch keinerlei offizielle Verlautbarungen der US Streitkr\u00e4fte. Die Drohung der T\u00fcrkei sei sehr ernst zu nehmen. Rojava, insbesondere der Norden ist in einem akuten Alarmzustand, von dem auch wir betroffen sind. Die Besatzung von Afrin zeigt, was Rojava zu erwarten hat, sollte ein t\u00fcrkischer Angriff stattfinden. Seit Monaten pl\u00fcndern und morden dort islamistische Banden, junge Frauen wurden verschleppt, die Bev\u00f6lkerung ist nach Shahba geflohen.<\/p>\n\n\n\n<p>Als Delegation von \u201cGemeinsam K\u00e4mpfen\u201d haben wir in den letzten Wochen sehen k\u00f6nnen, dass die Demokratische Autonomie in Nordsyrien unter gr\u00f6\u00dften Opfern aller Bev\u00f6lkerungsgruppen aufgebaut und verteidigt wurde. Araber*innen, Kurd*innen, Suryoye, Armenier*innen, Turkmen*innen, Ezid*innen unterst\u00fczen dieses Projekt, haben T\u00f6chter und S\u00f6hne im Kampf verloren. Insbesondere von den Frauen geht eine gro\u00dfe Kraft aus, dieses frauenbefreite und basisdemokratische Projekt weiterzuentwickeln. Wir haben hier den Aufbau einer Alternative zu Patriarchat und Vernichtung kennengelernt und sind sicher, dass dieses Projekt ein Projekt f\u00fcr alle Menschen ist, die sich nach Freiheit und einem anderen Leben sehnen.<\/p>\n\n\n\n<p>Konkret fordert die Demokratische Selbstverwaltung u.a. eine Flugverbotszone f\u00fcr Nordsyrien.<\/p>\n\n\n\n<p>Wir rufen alle demokratischen, linken, feminstischen Menschen auf, sich mit aller Kraft gegen den Krieg der T\u00fcrkei auf Rojava und Nordsyrien zu positionieren und Widerstand zu leisten.<\/p>\n","protected":false},"excerpt":{"rendered":"<p>19.12.2018 Akute Angriffsdrohung gegen Rojava\/Nordsyrien Seit mehreren Tagen k\u00fcndigt Erdogan an, die Demokratische F\u00f6deration Nordsyrien anzugreifen, ganz konkret werden gro\u00dfe Armeeverb\u00e4nde u.a. bei Gire Spi (Tell Abyad) und Serekaniye zusammengezogen. Die Bev\u00f6lkerung an der Grenze ist in gro\u00dfer Sorge, in ganz Nordsyrien finden Demonstrationen und Mahnwachen statt, Vertreter*innen aller Bev\u00f6lkerungs- und Religionsgruppen haben sich gegen [&hellip;]<\/p>\n","protected":false},"author":1,"featured_media":0,"comment_status":"open","ping_status":"open","sticky":false,"template":"","format":"standard","meta":{"om_disable_all_campaigns":false,"_monsterinsights_skip_tracking":false,"_monsterinsights_sitenote_active":false,"_monsterinsights_sitenote_note":"","_monsterinsights_sitenote_category":0,"footnotes":""},"categories":[8],"tags":[],"class_list":["post-554","post","type-post","status-publish","format-standard","hentry","category-feministische-delegation-rojava"],"aioseo_notices":[],"_links":{"self":[{"href":"https:\/\/gemeinsam-kaempfen.de\/index.php?rest_route=\/wp\/v2\/posts\/554","targetHints":{"allow":["GET"]}}],"collection":[{"href":"https:\/\/gemeinsam-kaempfen.de\/index.php?rest_route=\/wp\/v2\/posts"}],"about":[{"href":"https:\/\/gemeinsam-kaempfen.de\/index.php?rest_route=\/wp\/v2\/types\/post"}],"author":[{"embeddable":true,"href":"https:\/\/gemeinsam-kaempfen.de\/index.php?rest_route=\/wp\/v2\/users\/1"}],"replies":[{"embeddable":true,"href":"https:\/\/gemeinsam-kaempfen.de\/index.php?rest_route=%2Fwp%2Fv2%2Fcomments&post=554"}],"version-history":[{"count":2,"href":"https:\/\/gemeinsam-kaempfen.de\/index.php?rest_route=\/wp\/v2\/posts\/554\/revisions"}],"predecessor-version":[{"id":826,"href":"https:\/\/gemeinsam-kaempfen.de\/index.php?rest_route=\/wp\/v2\/posts\/554\/revisions\/826"}],"wp:attachment":[{"href":"https:\/\/gemeinsam-kaempfen.de\/index.php?rest_route=%2Fwp%2Fv2%2Fmedia&parent=554"}],"wp:term":[{"taxonomy":"category","embeddable":true,"href":"https:\/\/gemeinsam-kaempfen.de\/index.php?rest_route=%2Fwp%2Fv2%2Fcategories&post=554"},{"taxonomy":"post_tag","embeddable":true,"href":"https:\/\/gemeinsam-kaempfen.de\/index.php?rest_route=%2Fwp%2Fv2%2Ftags&post=554"}],"curies":[{"name":"wp","href":"https:\/\/api.w.org\/{rel}","templated":true}]}}