{"id":556,"date":"2022-07-07T13:35:40","date_gmt":"2022-07-07T11:35:40","guid":{"rendered":"https:\/\/gemeinsam-kaempfen.de\/?p=556"},"modified":"2022-08-24T16:09:08","modified_gmt":"2022-08-24T14:09:08","slug":"raqqa-im-aufbau","status":"publish","type":"post","link":"https:\/\/gemeinsam-kaempfen.de\/?p=556","title":{"rendered":"Raqqa im Aufbau"},"content":{"rendered":"\n<p><\/p>\n\n\n\n<p>22.12.2018<\/p>\n\n\n\n<p><\/p>\n\n\n\n<p>Im Oktober diesen Jahres lernten wir bei der internationalen Frauenkonferenz Xewla al Isa, Vorsitzende des Frauenrates von Raqqa, kennen. Bei einer Rundreise, die sie anschlie\u00dfend mit weiteren Vertreterinnen der Frauenbewegung von Nordsyrien\/Rojava durch Deutschland gemacht hatte, lud sie uns ein nach Raqqa zu kommen. Dieser Einladung wollten wir auf unserer Delegationsreise unbedingt nachkommen.<\/p>\n\n\n<div class=\"wp-block-image\">\n<figure class=\"alignleft size-full is-resized\"><img fetchpriority=\"high\" decoding=\"async\" src=\"https:\/\/gemeinsam-kaempfen.de\/wp-content\/uploads\/2022\/07\/53.jpg\" alt=\"\" class=\"wp-image-423\" width=\"486\" height=\"365\" srcset=\"https:\/\/gemeinsam-kaempfen.de\/wp-content\/uploads\/2022\/07\/53.jpg 768w, https:\/\/gemeinsam-kaempfen.de\/wp-content\/uploads\/2022\/07\/53-300x225.jpg 300w\" sizes=\"(max-width: 486px) 100vw, 486px\" \/><\/figure>\n<\/div>\n\n\n<p>Auf dem Weg nach Raqqa wird uns gesagt, es w\u00e4re gut aus Sicherheitsgr\u00fcnden unsere \u00fcberwiegend hellen Haare zu verdecken, damit wir nicht so auffallen. Es komme immer noch zu Anschl\u00e4gen von Daesh Schl\u00e4ferzellen. Die Stadt so zu sehen ist schockierend. Obwohl wir schon viele Bilder und Filme von der zerbombten ehemaligen Hauptstadt von Daesh mitbekommen hatten, ist es doch etwas ganz anderes die Zerst\u00f6rung mit den eigenen Augen zu sehen. Es ist zu erkennen, dass Raqqa eine wohlhabende Stadt mit guter Infrastruktur war, nun leben Menschen in H\u00e4usern, deren oberen Stockwerke weggebombt wurden, zwischen Wohnblocks klaffen riesige L\u00fccken. Br\u00fccken \u00fcber eine ehemalige Eisenbahnlinie stehen wie Fremdk\u00f6rper in Tr\u00fcmmerfeldern. Abgestorbene Palmen h\u00e4ngen traurig herunter, w\u00e4hrend andere den Bombenhagel offensichtlich \u00fcberlebt haben und scheinbar unverdrossen frische Triebe hervorbringen. <\/p>\n\n\n<div class=\"wp-block-image\">\n<figure class=\"alignright size-full is-resized\"><img decoding=\"async\" src=\"https:\/\/gemeinsam-kaempfen.de\/wp-content\/uploads\/2022\/07\/52-edited-1.jpg\" alt=\"\" class=\"wp-image-558\" width=\"264\" height=\"352\" srcset=\"https:\/\/gemeinsam-kaempfen.de\/wp-content\/uploads\/2022\/07\/52-edited-1.jpg 432w, https:\/\/gemeinsam-kaempfen.de\/wp-content\/uploads\/2022\/07\/52-edited-1-225x300.jpg 225w\" sizes=\"(max-width: 264px) 100vw, 264px\" \/><\/figure>\n<\/div>\n\n\n<p>Parks und Kinderspielpl\u00e4tze wurden schon vom Schutt ger\u00e4umt. An manchen Pl\u00e4tzen h\u00e4ngen schon bunte Kleidung und Schilder, die Stadt ist voller Menschen, \u00fcberall wird gebaggert und gebaut. Allgemeinen scheint man sich auf bunte Kleidung und frohe Farben geeinigt zu haben. Das Leben ist nach Raqqa zur\u00fcckgekehrt. Zumindest sind die Stra\u00dfen weitgehend von Schutt ger\u00e4umt, Kanalisation, Strom und Wasserversorgung hat die Demokratische Selbstverwaltung wieder hergestellt. Wir erreichen das Zentrum der Frauenbewegung von Raqqa. Am Eingang treffen wir auf einige uniformierte Frauen, die Mitglieder der Frauenverteidigungseinheiten des Milit\u00e4rrates von Raqqa sind. Sobald wir eintreten, empfangen uns Xewla al Isa, und ein Dutzend weitere Frauen mit strahlenden Augen. In ihrem B\u00fcro werden wir von zahlreichen Kameras regelrecht belagert, Ronah\u00ee TV, Jin TV und verschiedene Printmedien wollen \u00fcber unseren Besuch in Raqqa berichten. Sehr viele \u00fcberwiegend junge Frauen sind zusammengekommen, um Zeit mit uns zu verbringen.<\/p>\n\n\n\n<div style=\"height:11px\" aria-hidden=\"true\" class=\"wp-block-spacer\"><\/div>\n\n\n\n<p><strong>Aufbau der Frauenbewegung in Raqqa<\/strong><\/p>\n\n\n\n<p>Hevala Xewla berichtet uns von dem Aufbau der Frauenbewegung in Raqqa, 15 Frauenr\u00e4te wurden in der Region schon aufgebaut. 3000 Frauen sind in den Frauenstrukturen organisiert. Auch erste Frauenkooperativen wurden schon gebildet, u.a. eine Schneidereikooperative. \u201eDas Mala Jin macht hier die wichtigste Arbeit\u201c, konnte schon mehr als 500 Frauen bei der L\u00f6sung von Problemen helfen, so heval Xewla, \u201eviele Frauen wurden w\u00e4hrend der Daesh Herrschaft schnell verheiratet, damit die Mitglieder der Banden sie nicht f\u00fcr sich beanspruchen k\u00f6nnen. Nun gibt es wegen dieser Schnellhochzeiten viele Probleme, viele wollen sich jetzt wieder trennen. Wenn es Kinder gibt, versuchen wir eher eine Verst\u00e4ndigung\u201c, berichtet sie weiter.<\/p>\n\n\n\n<figure class=\"wp-block-image size-full\"><img decoding=\"async\" width=\"768\" height=\"432\" src=\"https:\/\/gemeinsam-kaempfen.de\/wp-content\/uploads\/2022\/07\/54-edited.jpg\" alt=\"\" class=\"wp-image-561\" srcset=\"https:\/\/gemeinsam-kaempfen.de\/wp-content\/uploads\/2022\/07\/54-edited.jpg 768w, https:\/\/gemeinsam-kaempfen.de\/wp-content\/uploads\/2022\/07\/54-edited-300x169.jpg 300w\" sizes=\"(max-width: 768px) 100vw, 768px\" \/><\/figure>\n\n\n\n<p>Auf unsere Frage, ob sie w\u00e4hrend der Besatzung noch Hoffnung hatte, erkl\u00e4rt Hevala Xewla, \u201eEs gab kein Fernsehen, kein Radio, keine Zeitungen, zu Hause war es wie im Gef\u00e4ngnis. Wir wussten nicht, dass die QSD immer n\u00e4her kamen. Mein Vater und mein Bruder waren verhaftet. Eine meiner Schwestern hat unter dem ganzen Druck psychische Probleme bekommen, eine andere hat im Krieg ihr Leben verloren, als sie von Daesh als menschliches Schutzschild benutzt wurde. Ich hatte keinen Glauben, keine Hoffnung, dass wir jemals wieder frei sein werden. Als Ger\u00fcchte aufkamen, dass die QSD n\u00e4her kommen, warnte uns Daesh, die Kurden w\u00fcrden alle Frauen vergewaltigen und die arabische Bev\u00f6lkerung vertreiben, aber zu dem Zeitpunkt, nach all den Gr\u00e4ueln, die wir erlebt haben, dachten wir nur, dass es nicht mehr schlimmer kommen kann. F\u00fcnf Jahre lang hat uns Daesh sogar vorgeschrieben, welche Kleidung wir tragen sollen. Daher wollte ich unbedingt beim Aufbau mitbestimmen. Vor der Befreiung kannten wir kaum Orte au\u00dferhalb von Raqqa, nun hat mich die Bewegung schon bis nach Deutschland gebracht und das Interesse der Frauen dort an uns gibt uns auch viel Kraft\u201c, strahlt Hevala Xewla. Nach der Befreiung haben die M\u00e4nner gesagt: \u201eNur die Frauen wurden befreit.\u201c Mit der Zeit h\u00e4tte die Bewegung jedoch auch die M\u00e4nner gewinnen k\u00f6nnen, weil sie die Probleme der ganzen Bev\u00f6lkerung l\u00f6sen.<\/p>\n\n\n\n<div style=\"height:7px\" aria-hidden=\"true\" class=\"wp-block-spacer\"><\/div>\n\n\n\n<p><strong>Baba Ali<\/strong><\/p>\n\n\n\n<p>Nach dem Treffen haben wir die M\u00f6glichkeit in der Stadtverwaltung weitere Aktivistinnen zu treffen. Die Frauen berichten uns von dem Leben unter Daesh und dass die Befreiung ihnen einen neues Leben geschenkt habe. Heval Xewla m\u00f6chte uns unbedingt noch den K\u00e4seladen in ihrem Viertel zeigen, den ihre neun Schwestern w\u00e4hrend der gesamten Besatzungszeit gef\u00fchrt haben. \u201eDaesh wollte den Laden immer wieder schlie\u00dfen, aber er war unsere Existenzgrundlage, mein Bruder und mein Vater waren ja in Haft. Sie haben uns gezwungen einen Vorhang durch den Laden zu ziehen, damit man uns von au\u00dfen nicht sieht, aber wir haben weitergemacht, wir mussten ja davon leben\u201c, berichtet eine von Xewlas Schwestern. Die \u00e4lteste Schwester sei w\u00e4hrend der Daesh Zeit als Mann verkleidet mit dem Auto durch die Stadt gefahren. Sie nannte sich Baba Ali.<br>Die Verantwortliche dr\u00e4ngt uns, den K\u00e4seladen schnell wieder zu verlassen. Wir sind ein Sicherheitsrisiko mitten in der engen Altstadt, in der schon wieder viele Gesch\u00e4fte ge\u00f6ffnet haben. Vor uns f\u00e4hrt eine bewaffnete Patrouille, hinter uns noch eine, sogar eine Warnsirene wird angeschaltet, bewaffnete Kr\u00e4fte stehen auf der Stra\u00dfe, Frauen und M\u00e4nner. Es scheint uns, dass wir nicht uns nicht besonders unauff\u00e4llig unter unseren Kopft\u00fcchern bewegen.<\/p>\n\n\n\n<p><\/p>\n","protected":false},"excerpt":{"rendered":"<p>22.12.2018 Im Oktober diesen Jahres lernten wir bei der internationalen Frauenkonferenz Xewla al Isa, Vorsitzende des Frauenrates von Raqqa, kennen. Bei einer Rundreise, die sie anschlie\u00dfend mit weiteren Vertreterinnen der Frauenbewegung von Nordsyrien\/Rojava durch Deutschland gemacht hatte, lud sie uns ein nach Raqqa zu kommen. Dieser Einladung wollten wir auf unserer Delegationsreise unbedingt nachkommen. Auf [&hellip;]<\/p>\n","protected":false},"author":1,"featured_media":420,"comment_status":"open","ping_status":"open","sticky":false,"template":"","format":"standard","meta":{"om_disable_all_campaigns":false,"_monsterinsights_skip_tracking":false,"_monsterinsights_sitenote_active":false,"_monsterinsights_sitenote_note":"","_monsterinsights_sitenote_category":0,"footnotes":""},"categories":[8],"tags":[],"class_list":["post-556","post","type-post","status-publish","format-standard","has-post-thumbnail","hentry","category-feministische-delegation-rojava"],"aioseo_notices":[],"_links":{"self":[{"href":"https:\/\/gemeinsam-kaempfen.de\/index.php?rest_route=\/wp\/v2\/posts\/556","targetHints":{"allow":["GET"]}}],"collection":[{"href":"https:\/\/gemeinsam-kaempfen.de\/index.php?rest_route=\/wp\/v2\/posts"}],"about":[{"href":"https:\/\/gemeinsam-kaempfen.de\/index.php?rest_route=\/wp\/v2\/types\/post"}],"author":[{"embeddable":true,"href":"https:\/\/gemeinsam-kaempfen.de\/index.php?rest_route=\/wp\/v2\/users\/1"}],"replies":[{"embeddable":true,"href":"https:\/\/gemeinsam-kaempfen.de\/index.php?rest_route=%2Fwp%2Fv2%2Fcomments&post=556"}],"version-history":[{"count":3,"href":"https:\/\/gemeinsam-kaempfen.de\/index.php?rest_route=\/wp\/v2\/posts\/556\/revisions"}],"predecessor-version":[{"id":825,"href":"https:\/\/gemeinsam-kaempfen.de\/index.php?rest_route=\/wp\/v2\/posts\/556\/revisions\/825"}],"wp:featuredmedia":[{"embeddable":true,"href":"https:\/\/gemeinsam-kaempfen.de\/index.php?rest_route=\/wp\/v2\/media\/420"}],"wp:attachment":[{"href":"https:\/\/gemeinsam-kaempfen.de\/index.php?rest_route=%2Fwp%2Fv2%2Fmedia&parent=556"}],"wp:term":[{"taxonomy":"category","embeddable":true,"href":"https:\/\/gemeinsam-kaempfen.de\/index.php?rest_route=%2Fwp%2Fv2%2Fcategories&post=556"},{"taxonomy":"post_tag","embeddable":true,"href":"https:\/\/gemeinsam-kaempfen.de\/index.php?rest_route=%2Fwp%2Fv2%2Ftags&post=556"}],"curies":[{"name":"wp","href":"https:\/\/api.w.org\/{rel}","templated":true}]}}