{"id":563,"date":"2022-07-07T13:50:46","date_gmt":"2022-07-07T11:50:46","guid":{"rendered":"https:\/\/gemeinsam-kaempfen.de\/?p=563"},"modified":"2022-08-24T16:08:41","modified_gmt":"2022-08-24T14:08:41","slug":"tabqa-und-der-riesige-staudamm","status":"publish","type":"post","link":"https:\/\/gemeinsam-kaempfen.de\/?p=563","title":{"rendered":"Tabqa und der riesige Staudamm"},"content":{"rendered":"\n<p><\/p>\n\n\n\n<p>23.12.2018<\/p>\n\n\n\n<p><\/p>\n\n\n\n<p>Unsere Reise durch die befreiten Gebiete bringt uns auch nach Tabqa. Von Anfang 2014 bis zum 10. Mai 2017 war Tabqa unter der Kontrolle von Daesh. Ende M\u00e4rz 2017 begann die Operation der SDF (Syrian Democratic Forces) zur Befreiung der Stadt, die etwa eine Stunde entfernt liegt von Raqqa. Bekannt ist sie haupts\u00e4chlich durch die Tabqa-Talsperre, die eine der gr\u00f6\u00dften des Landes ist und f\u00fcr die Stromversorgung und der Bew\u00e4sserung von Feldern entlang des Euphrats dient.<\/p>\n\n\n\n<p>Da es schon Abend ist, als wir in die Stadt hineinfahren, k\u00f6nnen wir uns noch keinen Eindruck der Stadt und unserer Umgebung machen. Die Dunkelheit l\u00e4sst uns nur erahnen, was uns gerade umgibt. Wir fahren \u00fcber die Staumauer des riesigen Sees, der ehemals Assadsee genannt wurde und eines der letzten besetzten Gebiete von Daesh war.<\/p>\n\n\n\n<p>Nur noch drei der sechs Turbinen sind aktiv, erz\u00e4hlt uns eine der Freundinnen. Damals hatte man gro\u00dfe Angst, dass Daesh noch mehr zerst\u00f6ren w\u00fcrde, da sie sich lange auf der Staumauer verschanzten.<\/p>\n\n\n\n<p>Als wir ankommen, ist noch nichts davon zu merken, dass wir uns in einem relativ frisch befreiten Gebiet befinden. Doch die etwas angespannte Sicherheitslage ist sp\u00fcrbar. Dennoch, an unserem Schlafort ist alles wie immer. Wir werden freudig von den dort lebenden Frauen begr\u00fc\u00dft und auch wenn wir kaum arabisch sprechen, versuchen wir uns daran uns mit den Freundinnen zu verst\u00e4ndigen. Das funktioniert mal mehr und mal weniger.<\/p>\n\n\n\n<p>So eindruckslos die Nacht war, umso mehr sind wir \u00fcberrascht, als wir in der Fr\u00fche das Haus verlassen und sich uns der Blick \u00fcber den in Nebel geh\u00fcllten Euphrat er\u00f6ffnet.<\/p>\n\n\n\n<figure class=\"wp-block-gallery has-nested-images columns-default is-cropped wp-block-gallery-1 is-layout-flex wp-block-gallery-is-layout-flex\">\n<figure class=\"wp-block-image size-full\"><img fetchpriority=\"high\" decoding=\"async\" width=\"768\" height=\"432\" data-id=\"564\" src=\"https:\/\/gemeinsam-kaempfen.de\/wp-content\/uploads\/2022\/07\/48-edited.jpg\" alt=\"\" class=\"wp-image-564\" srcset=\"https:\/\/gemeinsam-kaempfen.de\/wp-content\/uploads\/2022\/07\/48-edited.jpg 768w, https:\/\/gemeinsam-kaempfen.de\/wp-content\/uploads\/2022\/07\/48-edited-300x169.jpg 300w\" sizes=\"(max-width: 768px) 100vw, 768px\" \/><\/figure>\n<\/figure>\n\n\n\n<p>Da wir nur eine kurze Zeit hier sind, versuchen wir so viele Eindr\u00fccke wie m\u00f6glich zu sammeln. Dazu geh\u00f6rt ein Besuch bei dem Frauenrat von Tabqa und seinen verschiedenen Kommissionen<\/p>\n\n\n\n<p>Die Erz\u00e4hlungen der Frauen sind gepr\u00e4gt vom Leben unter Daesh. \u201eWir waren wie Tote\u201c beschreibt es eine der Freundinnen. \u201eWenn man mal mit Freundinnen am Ufer sa\u00df, kam direkt die Sittenpolizei, obwohl wir fast vollst\u00e4ndig verschleiert waren\u201c. Im Frauenrat zeigen uns die Freundinnen Videos von einem Gesch\u00e4ft voller Frauen, die nach der der Befreiung von Daesh bunte Kleidung kaufen. Begeistert zeigen sie uns ihre Arbeiten und das Geb\u00e4ude. Kaum vorstellbar, was diese Frauen erleiden mussten. Und nun sitzen sie voller Lebensfreude vor uns, erz\u00e4hlen uns welche Schritte im Aufbau des Rates gemacht wurden. Viele sind neu, sind noch nicht lange im Rat. \u201eIch habe die Grenzen um mich zerschlagen\u201c beschreibt es eine der Frauen. Eine der Freundinnen erz\u00e4hlt uns, wie durch die Bildungen, an denen sie teilnahm, die Furcht in ihr gebrochen wurde: \u201eJetzt ich kann frei reden.\u201c<\/p>\n\n\n<div class=\"wp-block-image\">\n<figure class=\"alignleft size-full is-resized\"><img decoding=\"async\" src=\"https:\/\/gemeinsam-kaempfen.de\/wp-content\/uploads\/2022\/07\/46-edited-1.jpg\" alt=\"\" class=\"wp-image-566\" width=\"489\" srcset=\"https:\/\/gemeinsam-kaempfen.de\/wp-content\/uploads\/2022\/07\/46-edited-1.jpg 683w, https:\/\/gemeinsam-kaempfen.de\/wp-content\/uploads\/2022\/07\/46-edited-1-225x300.jpg 225w\" sizes=\"(max-width: 683px) 100vw, 683px\" \/><\/figure>\n<\/div>\n\n\n<p><\/p>\n\n\n\n<p>Im Frauenrat k\u00f6nnen wir die schnellen Entwicklungen beim Aufbau der Selbstverwaltung miterleben. In einem Jahr und 3 Monaten wurden 80 % der Wasser- und Stromversorgung wieder hergestellt, ein Krankenhaus und Geburtshaus wurden er\u00f6ffnet und Bildungsakademien in vielen Bereichen errichtet. Die Frauen, die in dem Rat arbeiten, zeigen uns Bilder und Videos von der Demonstration am 25. November diesen Jahres und erz\u00e4hlen uns, dass allein im November 25 Bildungen zum Thema \u201eGewalt an Frauen\u201c stattgefunden haben, gemischtgeschlechtliche und nur f\u00fcr Frauen. Auch ein Fest zur Befreiung von Daesh gab es, wo alle Frauen bunte Kleider trugen. Neben den Verwaltungsstrukturen gibt es eine Kinderkrippe, damit Frauen mit Kindern arbeiten k\u00f6nnen. Wie auch in Deutschland wird hier das Thema Doppelbelastung der Frau durch Lohn- und Carearbeit diskutiert. Doch im Vordergrund steht zun\u00e4chst den Frauen \u00fcberhaupt die M\u00f6glichkeit aufzuzeigen, sich am politischen Leben zu beteiligen.<\/p>\n\n\n\n<p>Am Nachmittag haben wir das Kulturzentrum besucht. Als wir am Vormittag an dem Geb\u00e4ude, in dem sich das Zentrum befindet vorbeigefahren sind, dachten wir es sei eine Ruine. Die Hinterseite wurde bombardiert und man kann in alle Stockwerke hineinblicken. Auf Grund des Baustils lie\u00df sich erahnen, dass es sich um ein wichtiges Geb\u00e4ude handeln muss. W\u00e4ren wir nicht wieder an der zerst\u00f6rten Seite vorbeigefahren, h\u00e4tten wir nie gedacht, dass wir uns am Nachmittag in diesem zerst\u00f6rten Bauwerk befinden.<\/p>\n\n\n\n<p>Wie wir sp\u00e4ter erfahren, war das Geb\u00e4ude zu Regimezeiten ein Kulturzentrum. Unter der Besatzung von Daesh wurde es zu einem Gef\u00e4ngnis umfunktioniert. \u201eIm Keller wurden die Yezidinnen get\u00f6tet.\u201c, erz\u00e4hlt uns ein Freund. Bei der Befreiung Tabqas wurde das Gef\u00e4ngnis dann bombardiert.<\/p>\n\n\n\n<p>Wenn man sich in dem unversehrten Bereich des Geb\u00e4udes aufh\u00e4lt, kann man die Geschichte des Ortes schnell vergessen. Viele junge Frauen und M\u00e4nner laufen durch den Flur und setzen sich zu uns ins Zimmer, um den Besuch kennen zu lernen.<\/p>\n\n\n\n<p>Die k\u00fcnstlerischen Arbeiten der jungen Leute hier ist vielschichtig und eng mit der Besatzung von Daesh verbunden. In einem Raum werden uns B\u00fccher gezeigt, die vor den B\u00fccherverbrennungen, die Daesh durchf\u00fchrte, gerettet werden konnten. Damit soll nun eine Bibliothek aufgebaut werden. In einem anderen Raum sind Gem\u00e4lde, die unter der Erde vor Daesh versteckt werden konnten, um sie nun wieder ausstellen zu k\u00f6nnen. Die Kunstwerke, die hier entstehen, werden ausschlie\u00dflich aus recycelten Materialien, die in der Stadt nach dem Krieg gesammelt wurden, produziert.<\/p>\n\n\n\n<p>Ber\u00fchrend sind auch die Zeichnungen von Kindern, die an der Wand h\u00e4ngen. Die, die kurz nach der Befreiung entstanden sind, zeigen Bombardierungen und tote Menschen. Das Kulturzentrum arbeitet daran, den Kindern neue Eindr\u00fccke zu verschaffen, was Erfolg zu haben scheint, denn neben den Kriegsbildern h\u00e4ngen noch viele andere Kinderzeichnungen, die nicht an den Krieg erinnern.<\/p>\n\n\n\n<figure class=\"wp-block-image size-full\"><img decoding=\"async\" width=\"768\" height=\"576\" src=\"https:\/\/gemeinsam-kaempfen.de\/wp-content\/uploads\/2022\/07\/47.jpg\" alt=\"\" class=\"wp-image-417\" srcset=\"https:\/\/gemeinsam-kaempfen.de\/wp-content\/uploads\/2022\/07\/47.jpg 768w, https:\/\/gemeinsam-kaempfen.de\/wp-content\/uploads\/2022\/07\/47-300x225.jpg 300w\" sizes=\"(max-width: 768px) 100vw, 768px\" \/><\/figure>\n\n\n\n<figure class=\"wp-block-image size-full\"><img decoding=\"async\" width=\"768\" height=\"576\" src=\"https:\/\/gemeinsam-kaempfen.de\/wp-content\/uploads\/2022\/07\/45.jpg\" alt=\"\" class=\"wp-image-415\" srcset=\"https:\/\/gemeinsam-kaempfen.de\/wp-content\/uploads\/2022\/07\/45.jpg 768w, https:\/\/gemeinsam-kaempfen.de\/wp-content\/uploads\/2022\/07\/45-300x225.jpg 300w\" sizes=\"(max-width: 768px) 100vw, 768px\" \/><\/figure>\n\n\n\n<p>Den Abend verbringen wir bei der Jineoloj\u00ee-Akademie. Frauen, die in den Augen von Daesh allerh\u00f6chstens Geb\u00e4rmaschinen waren, haben nun die M\u00f6glichkeit an diesem Ort sich selbst kennenzulernen und ihre eigene Geschichte zu erforschen. Dass dies in einem Geb\u00e4ude stattfindet, welches in Regimezeiten f\u00fcr Hochzeiten genutzt wurde und dann ein Quartier von Daesh war, ist irgendwie auch eine sch\u00f6ne Form der Genugtuung.<\/p>\n","protected":false},"excerpt":{"rendered":"<p>23.12.2018 Unsere Reise durch die befreiten Gebiete bringt uns auch nach Tabqa. Von Anfang 2014 bis zum 10. Mai 2017 war Tabqa unter der Kontrolle von Daesh. Ende M\u00e4rz 2017 begann die Operation der SDF (Syrian Democratic Forces) zur Befreiung der Stadt, die etwa eine Stunde entfernt liegt von Raqqa. Bekannt ist sie haupts\u00e4chlich durch [&hellip;]<\/p>\n","protected":false},"author":1,"featured_media":419,"comment_status":"open","ping_status":"open","sticky":false,"template":"","format":"standard","meta":{"om_disable_all_campaigns":false,"_monsterinsights_skip_tracking":false,"_monsterinsights_sitenote_active":false,"_monsterinsights_sitenote_note":"","_monsterinsights_sitenote_category":0,"footnotes":""},"categories":[8],"tags":[],"class_list":["post-563","post","type-post","status-publish","format-standard","has-post-thumbnail","hentry","category-feministische-delegation-rojava"],"aioseo_notices":[],"_links":{"self":[{"href":"https:\/\/gemeinsam-kaempfen.de\/index.php?rest_route=\/wp\/v2\/posts\/563","targetHints":{"allow":["GET"]}}],"collection":[{"href":"https:\/\/gemeinsam-kaempfen.de\/index.php?rest_route=\/wp\/v2\/posts"}],"about":[{"href":"https:\/\/gemeinsam-kaempfen.de\/index.php?rest_route=\/wp\/v2\/types\/post"}],"author":[{"embeddable":true,"href":"https:\/\/gemeinsam-kaempfen.de\/index.php?rest_route=\/wp\/v2\/users\/1"}],"replies":[{"embeddable":true,"href":"https:\/\/gemeinsam-kaempfen.de\/index.php?rest_route=%2Fwp%2Fv2%2Fcomments&post=563"}],"version-history":[{"count":2,"href":"https:\/\/gemeinsam-kaempfen.de\/index.php?rest_route=\/wp\/v2\/posts\/563\/revisions"}],"predecessor-version":[{"id":824,"href":"https:\/\/gemeinsam-kaempfen.de\/index.php?rest_route=\/wp\/v2\/posts\/563\/revisions\/824"}],"wp:featuredmedia":[{"embeddable":true,"href":"https:\/\/gemeinsam-kaempfen.de\/index.php?rest_route=\/wp\/v2\/media\/419"}],"wp:attachment":[{"href":"https:\/\/gemeinsam-kaempfen.de\/index.php?rest_route=%2Fwp%2Fv2%2Fmedia&parent=563"}],"wp:term":[{"taxonomy":"category","embeddable":true,"href":"https:\/\/gemeinsam-kaempfen.de\/index.php?rest_route=%2Fwp%2Fv2%2Fcategories&post=563"},{"taxonomy":"post_tag","embeddable":true,"href":"https:\/\/gemeinsam-kaempfen.de\/index.php?rest_route=%2Fwp%2Fv2%2Ftags&post=563"}],"curies":[{"name":"wp","href":"https:\/\/api.w.org\/{rel}","templated":true}]}}