{"id":634,"date":"2022-08-22T22:40:48","date_gmt":"2022-08-22T20:40:48","guid":{"rendered":"https:\/\/gemeinsam-kaempfen.de\/?p=634"},"modified":"2022-08-24T16:25:51","modified_gmt":"2022-08-24T14:25:51","slug":"leben-unter-daesh-oder-ein-versuch-schwer-begreifbares-zu-beschreiben","status":"publish","type":"post","link":"https:\/\/gemeinsam-kaempfen.de\/?p=634","title":{"rendered":"Leben unter Daesh &#8211; oder &#8211; ein Versuch schwer Begreifbares zu beschreiben"},"content":{"rendered":"\n<p><\/p>\n\n\n\n<p>28.12.2018<\/p>\n\n\n\n<p><\/p>\n\n\n\n<p>In unseren Gespr\u00e4chen mit Freundinnen hier, kommen wir immer wieder auf die Zeit unter Daesh zu sprechen. Wie man sich vorstellen kann, ist es nicht einfach \u00fcber diese Erlebnisse zu reden und Fragen zu stellen. Uns ist es dennoch wichtig \u00fcber die Zeit, die Erlebnisse, die Folgen und den Widerstand zu sprechen. Wir sehen es als unsere Verantwortung, diese Geschichten weiter zu tragen um ein Bewusstsein \u00fcber die Realit\u00e4t dieser Frauen zu schaffen. Wir wissen aber auch, dass es ein schmerzhaftes Thema ist und finden uns selbst deswegen auch immer wieder in eigene Unsicherheit versetzt.<br>Wir f\u00fchren viele Interviews, haben ein klares Projekt vor Augen und werden daher meist auch offiziell als Delegation angek\u00fcndigt, die Interviews und Gespr\u00e4che f\u00fchren m\u00f6chte. Bisher ist es daher oft ein recht formeller Rahmen geworden, in welchem wir mit den Frauen zusammen sa\u00dfen. An einigen Abenden sind noch einzelne, eher vertraute, Gespr\u00e4che entstanden, aber das war nicht die Regel. Au\u00dferdem ist immer noch eine \u00dcbersetzerin sozusagen zwischen uns und unsere Gespr\u00e4chspartner_innen, was nat\u00fcrlich zu einer gewissen Distanz f\u00fchrt.<br>Gleichzeitig werden wir immer wieder von der Erkenntnis \u00fcberw\u00e4ltigt, wie fern wir all dem waren und auch immer noch sind. Wir waren an den Orten, an welchen Daesh geherrscht, gemordet, gefoltert hat. Wir haben in Gir\u00ea Sip\u00ee einen auf der Mitte der Stra\u00dfe gebauten K\u00e4fig gesehen, wo Gefangene von Daesh ausgestellt wurden. Sehen aus B\u00e4umen gepflanzte &#8222;Allah&#8220;-Schriftz\u00fcge von Daesh an einem riesigen Hang. Wir stellen uns vor, wie der enorme Staudamm bei Tabqa unter der Hand von Daesh gewesen ist und k\u00f6nnen das Erfahrene dennoch nicht begreifen. Viele von uns kennen milit\u00e4rischen Krieg oder einen faschistischen Zustand wie unter Daesh, eben nicht.<\/p>\n\n\n\n<p>Viele Frauen erz\u00e4hlen uns von dem, was sie unter Daesh erlebt haben.<br>Die Grausamkeiten, die uns erz\u00e4hlt werden, l\u00f6sen in uns Wut und Fassungslosigkeit aus. Jedes Gespr\u00e4ch verdeutlicht, dass Folter und Mord zum damaligen Alltag der Frauen geh\u00f6rte.<br>Folgendes sind nur einzelne Beispiele, die uns Frauen aus Raqqa erz\u00e4hlt haben. Ein paar beschriebene Dinge haben wir in Tabqa gesehen oder erz\u00e4hlt bekommen. Es gibt uns nur einen kurzen Einblick in das, was geschehen ist.<\/p>\n\n\n\n<figure class=\"wp-block-image size-full is-resized\"><img fetchpriority=\"high\" decoding=\"async\" src=\"https:\/\/gemeinsam-kaempfen.de\/wp-content\/uploads\/2022\/07\/36.jpg\" alt=\"\" class=\"wp-image-406\" width=\"557\" height=\"418\" srcset=\"https:\/\/gemeinsam-kaempfen.de\/wp-content\/uploads\/2022\/07\/36.jpg 768w, https:\/\/gemeinsam-kaempfen.de\/wp-content\/uploads\/2022\/07\/36-300x225.jpg 300w\" sizes=\"(max-width: 557px) 100vw, 557px\" \/><\/figure>\n\n\n\n<p>Hevala Merian zum Beispiel erz\u00e4hlt uns von einer Situation am Euphrat, die ihr nicht mehr aus dem Kopf geht. Dort wollten Daesh M\u00e4nner zwei ezidische Frauen gegen ihren Willen mitnehmen. Die eine Frau st\u00fcrzte sich daraufhin in den Tod, w\u00e4hrend die andere entf\u00fchrt wurde. Vielleicht erwartete sie der &#8222;Frauenmarkt&#8220;. Die Realit\u00e4t vieler ezidischer Frauen war es, zusammen mit Schafen auf dem Markt verkauft zu werden. F\u00fcr sie war ab dem Zeitpunkt klar: \u201eWir leben in einer Welt des Todes\u201c.<br>Auch der Kleiderzwang von Frauen spielt in den Erinnerungen eine gro\u00dfe Rolle. Zum Beispiel erz\u00e4hlt eine Freundin uns von einer Frau, die &#8222;nicht ordnungsgem\u00e4\u00df&#8220; gekleidet auf der Stra\u00dfe rumgelaufen sei. Ihr wurde eine Hand und ein Fu\u00df abgehakt. Vielen weitere Frauen haben \u00c4hnliches erlebt.<br>Wir reden mit Hevala Emira. Nach dem Raqqa befreit wurde, ist sie dem Frauenrat beigetreten. Sie ist in der Komission die sich um Menschen mit Beeintr\u00e4chtigungen k\u00fcmmert. Viele Menschen kommen zu ihr, die K\u00f6rperteile verloren haben. Die einen im Krieg, die anderen aufgrund von Daesh.<br>Sie sagt, dass sie in der Zeit unter Daesh viel Leid und Schmerz erfahren hat. Nun will sie mit eigener Kraft Frauen unterst\u00fctzen. Auch sie selbst hat viel Unterst\u00fctzung von Frauen bekommen, sagt sie.<br>Vor allem die M\u00fctter in Raqqa hatten viele Schwierigkeiten, erz\u00e4hlt uns Hevala Bes\u00ea. Viele Kinder wurden entf\u00fchrt und die M\u00fctter waren auf verzweifelter Suche nach ihnen. Ihr eigener 15-j\u00e4hriger Sohn wurde von Daesh entf\u00fchrt. Eines Tages kam Daesh ohne Grund zu ihnen nach Hause und hat ihn mitgenommen. Schlussendlich hat sie daf\u00fcr gesorgt, dass er freigelassen wurde. Danach entschied sie sich mit ihrem Sohn Raqqa zu verlassen. Nun ist sie wieder zur\u00fcck.<br>F\u00fcr viele sei das Schlimmste was passieren kann, ihr eigenes zu Hause, das was sie selbst aufgebaut haben, zur\u00fcck lassen zu m\u00fcssen.<\/p>\n\n\n\n<figure class=\"wp-block-image size-full is-resized\"><img decoding=\"async\" src=\"https:\/\/gemeinsam-kaempfen.de\/wp-content\/uploads\/2022\/07\/37.jpg\" alt=\"\" class=\"wp-image-407\" width=\"588\" height=\"441\" srcset=\"https:\/\/gemeinsam-kaempfen.de\/wp-content\/uploads\/2022\/07\/37.jpg 768w, https:\/\/gemeinsam-kaempfen.de\/wp-content\/uploads\/2022\/07\/37-300x225.jpg 300w\" sizes=\"(max-width: 588px) 100vw, 588px\" \/><\/figure>\n\n\n\n<p>Es f\u00e4llt uns schwer vorzustellen, mit diesen Erfahrungen zu leben. Und doch tun es diese Frauen. Und wie sie das tun! Sie strahlen uns an, wirken erf\u00fcllt von Lebensfreude. Wirbeln durch die Gegend und geben uns wahnsinnig viel Kraft. Empfangen uns mit einer W\u00e4rme, wie sie uns in Europa oft fehlt. Sie arbeiten meistens kollektiv mit anderen Frauen mit \u00e4hnlichen Erfahrungen an Orten der Selbstverwaltung und der neu aufgebauten Frauenstrukturen. Sicher tr\u00e4gt das auch einen Teil zum Umgang mit dem Erlebten bei, zumindest vermuten wir das. Wir wissen nicht, wie es den Frauen und auch anderen Menschen geht, die in weniger kollektiven R\u00e4umen leben. Wir k\u00f6nnen nur hoffen, dass diese kollektiven R\u00e4ume mehr werden und damit ein gemeinsamer Umgang noch mehr wachsen kann.<\/p>\n\n\n\n<p>Fest steht: nach der Befreiung von Raqqa haben die Frauen angefangen eine eigene Kraft zu entwickeln. Sie beeindrucken uns sehr!<\/p>\n\n\n\n<p><a href=\"https:\/\/anfdeutsch.com\/frauen\/meryem-aus-raqqa-mein-traum-wurde-wahr-8415\">https:\/\/anfdeutsch.com\/frauen\/meryem-aus-raqqa-mein-traum-wurde-wahr-8415<\/a><\/p>\n\n\n\n<p><a href=\"https:\/\/anfdeutsch.com\/frauen\/mein-leben-hat-sich-zu-100-prozent-veraendert-8433\">https:\/\/anfdeutsch.com\/frauen\/mein-leben-hat-sich-zu-100-prozent-veraendert-8433<\/a><\/p>\n","protected":false},"excerpt":{"rendered":"<p>28.12.2018 In unseren Gespr\u00e4chen mit Freundinnen hier, kommen wir immer wieder auf die Zeit unter Daesh zu sprechen. Wie man sich vorstellen kann, ist es nicht einfach \u00fcber diese Erlebnisse zu reden und Fragen zu stellen. Uns ist es dennoch wichtig \u00fcber die Zeit, die Erlebnisse, die Folgen und den Widerstand zu sprechen. Wir sehen [&hellip;]<\/p>\n","protected":false},"author":1,"featured_media":408,"comment_status":"open","ping_status":"open","sticky":false,"template":"","format":"standard","meta":{"om_disable_all_campaigns":false,"_monsterinsights_skip_tracking":false,"_monsterinsights_sitenote_active":false,"_monsterinsights_sitenote_note":"","_monsterinsights_sitenote_category":0,"footnotes":""},"categories":[8],"tags":[],"class_list":["post-634","post","type-post","status-publish","format-standard","has-post-thumbnail","hentry","category-feministische-delegation-rojava"],"aioseo_notices":[],"_links":{"self":[{"href":"https:\/\/gemeinsam-kaempfen.de\/index.php?rest_route=\/wp\/v2\/posts\/634","targetHints":{"allow":["GET"]}}],"collection":[{"href":"https:\/\/gemeinsam-kaempfen.de\/index.php?rest_route=\/wp\/v2\/posts"}],"about":[{"href":"https:\/\/gemeinsam-kaempfen.de\/index.php?rest_route=\/wp\/v2\/types\/post"}],"author":[{"embeddable":true,"href":"https:\/\/gemeinsam-kaempfen.de\/index.php?rest_route=\/wp\/v2\/users\/1"}],"replies":[{"embeddable":true,"href":"https:\/\/gemeinsam-kaempfen.de\/index.php?rest_route=%2Fwp%2Fv2%2Fcomments&post=634"}],"version-history":[{"count":3,"href":"https:\/\/gemeinsam-kaempfen.de\/index.php?rest_route=\/wp\/v2\/posts\/634\/revisions"}],"predecessor-version":[{"id":854,"href":"https:\/\/gemeinsam-kaempfen.de\/index.php?rest_route=\/wp\/v2\/posts\/634\/revisions\/854"}],"wp:featuredmedia":[{"embeddable":true,"href":"https:\/\/gemeinsam-kaempfen.de\/index.php?rest_route=\/wp\/v2\/media\/408"}],"wp:attachment":[{"href":"https:\/\/gemeinsam-kaempfen.de\/index.php?rest_route=%2Fwp%2Fv2%2Fmedia&parent=634"}],"wp:term":[{"taxonomy":"category","embeddable":true,"href":"https:\/\/gemeinsam-kaempfen.de\/index.php?rest_route=%2Fwp%2Fv2%2Fcategories&post=634"},{"taxonomy":"post_tag","embeddable":true,"href":"https:\/\/gemeinsam-kaempfen.de\/index.php?rest_route=%2Fwp%2Fv2%2Ftags&post=634"}],"curies":[{"name":"wp","href":"https:\/\/api.w.org\/{rel}","templated":true}]}}