{"id":636,"date":"2022-08-22T22:44:27","date_gmt":"2022-08-22T20:44:27","guid":{"rendered":"https:\/\/gemeinsam-kaempfen.de\/?p=636"},"modified":"2022-08-24T16:06:48","modified_gmt":"2022-08-24T14:06:48","slug":"aus-den-gefaengnismauern-bakurs-bis-nach-rojava-hungerstreiks-gegen-die-isolation-oecalans","status":"publish","type":"post","link":"https:\/\/gemeinsam-kaempfen.de\/?p=636","title":{"rendered":"Aus den Gef\u00e4ngnismauern Bakurs bis nach Rojava \u2013 Hungerstreiks gegen die Isolation \u00d6calans"},"content":{"rendered":"\n<p><\/p>\n\n\n\n<p>04.01.2019<\/p>\n\n\n\n<p><\/p>\n\n\n\n<p>Die akuten Kriegsdrohungen der T\u00fcrkei mobilisieren die Menschen in der demokratischen Konf\u00f6deration Nord- und Ostsyrien. \u00dcber das ganze Gebiet finden derzeit Demonstrationen statt. Die Aktion der menschlichen Schutzschilde an der Grenze zieht gro\u00dfe Aufmerksamkeit auf sich. Aufrufe werden verfasst und au\u00dferordentliche Versammlungen zur aktuellen Lage einberufen. Die letzten Tage und Wochen zeigen wie sehr sich die Gesellschaft in den letzten Jahren der Revolution politisiert hat. Das wird uns auch bei unserem Besuch in Dirbesiye bewusst, wo hunderte Menschen zusammengekommen sind, um sich f\u00fcr drei Tage als Symbol der Solidarit\u00e4t an den weltweiten Hungerstreiks gegen die Isolationshaft Abdullah \u00d6calans zu beteiligen. Seit dem 11. September 2016 gibt es kein Lebenszeichen von ihm. Die Forderung nach einem Kontakt zu \u00d6calan h\u00e4ngt eng mit der Forderung nach Frieden zusammen und das ist gerade jetzt mit den akuten Kriegsdrohungen von Bedeutung.<\/p>\n\n\n\n<p>Seit Ende 2012 stand die t\u00fcrkische Regierung in Verhandlungen mit Abdullah \u00d6calan auf der Gef\u00e4ngnisinsel Imrali. Im Rahmen dieser \u201eFriedensverhandlungen\u201c wurde an einer friedlichen L\u00f6sung der kurdischen Frage einhergehend mit einer Demokratisierung der T\u00fcrkei gearbeitet. Im Februar 2015 wurde im Dolmabahce-Palast in Istanbul ein gemeinsamer 10-Punkte-Plan zur Beendigung des Konfliktes unterschrieben. Diesen erkl\u00e4rte Erdogan zwei Wochen sp\u00e4ter als nichtig, im April 2015 folgte daraufhin die Totalisolation \u00d6calans. Im Anschluss an die Parlamentswahlen im Juni begann ein umfangreicher Angriffskrieg gegen die kurdische Bev\u00f6lkerung. Dieser hatte ihren H\u00f6hepunkt im Krieg der t\u00fcrkischen Armee gegen die St\u00e4dte Sirnax, Ciz\u00eere, Nusaybin und den historischen Stadtteil S\u00fbr in Amed\/Diyarbekir. In diesem Kontext ist auch die Ausweitung des Krieges auf Syrien zu sehen.<\/p>\n\n\n\n<p>Die Geschehnisse zeigen \u00d6calans bedeutende Rolle f\u00fcr den Frieden in der Region und einer demokratischen L\u00f6sung des Konfliktes. Menschen weltweit befinden sich derzeit im Hungerstreik. Sie folgen damit den Streikenden in den t\u00fcrkischen Gef\u00e4ngnissen und der HDP-Abgeordneten Leyla G\u00fcven. Seit mittlerweile 58 Tagen nimmt sie aus Protest keine Nahrung zu sich. Mittlerweile haben sich 91 weitere Gefangene angeschlossen. Ihre Aktion ist keine symbolische. Sie w\u00fcrden auch bis zum Tod streiken. 600 weitere Gefangene solidarisieren sich in regelm\u00e4\u00dfigen Hungerstreiks. Auch die Aktion der Menschen in Dirbesiye steht in diesem Kontext. Vor allem von Leyla G\u00fcven wird viel gesprochen, ihr Bild h\u00e4ngt gro\u00df an den W\u00e4nden der Zelte, die hier aufgestellt wurden. F\u00fcr zwei Tage werden sich die Menschen hier treffen und zusammen sein. \u201eIch kann drei Tage ohne Essen\u201c erz\u00e4hlt uns eine \u00e4ltere Frau stolz. Sie ist bereits ge\u00fcbt darin. Die Streiks setzen ein Zeichen, dass die Bev\u00f6lkerung hinter \u00d6calan und der Bewegung steht. Auch die drohenden Angriffe sind ein gro\u00dfes Thema in den Reden.<\/p>\n\n\n\n<figure class=\"wp-block-image size-full\"><img fetchpriority=\"high\" decoding=\"async\" width=\"768\" height=\"576\" src=\"https:\/\/gemeinsam-kaempfen.de\/wp-content\/uploads\/2022\/07\/34.jpg\" alt=\"\" class=\"wp-image-404\" srcset=\"https:\/\/gemeinsam-kaempfen.de\/wp-content\/uploads\/2022\/07\/34.jpg 768w, https:\/\/gemeinsam-kaempfen.de\/wp-content\/uploads\/2022\/07\/34-300x225.jpg 300w\" sizes=\"(max-width: 768px) 100vw, 768px\" \/><\/figure>\n\n\n\n<p>Wir sprechen mit einer der Frauen \u00fcber ihre Teilnahme. Sie mache das aus ihrer \u00dcberzeugung heraus. Sie wolle zeigen, dass die Gesellschaft nicht akzeptiert, dass \u00d6calan seit nun bereits 20 Jahren im Knast sitzt. Sie selbst kommt von einem nahegelegenen Dorf, ist extra f\u00fcr den Hungerstreik angereist. Gemeinsam mit Freundinnen ist sie hier. Wir fragen sie ob sie uns noch etwas mitgeben will; eine Nachricht nach Deutschland sozusagen. Sie erkl\u00e4rt, sie habe keinen Appell an die Institutionen, in die habe sie kein Vertrauen. Die Bev\u00f6lkerung in Europa aber solle endlich aufstehen.<\/p>\n\n\n\n<p>Hungerstreiks haben nicht nur in der kurdischen Bewegung eine lange Geschichte. So w\u00e4hlten bereits die Suffragetten diese Aktionsform f\u00fcr ihre Ziele eines allgemeinen Frauenwahlrechts. Hungerstreiks geschehen meist hinter Gef\u00e4ngnismauern, wenn Menschen keine andere Wahl haben, als ihren K\u00f6rper zur Waffe zu machen. 2016 kam es das letzte Mal zu einer gro\u00dfen Welle von unbefristeten Hungerstreiks in der T\u00fcrkei, ebenfalls wegen der Haftbedingungen \u00d6calans. Damals hatte es zur Folge, dass \u00d6calans Bruder ein Familienbesuch bewilligt wurde.<\/p>\n\n\n\n<p>\u00d6ffentlichkeit und Kommunikation sind dringend notwendig f\u00fcr diese Aktionsform. Es ist wichtig dass wir den Aufst\u00e4nden in den Kn\u00e4sten eine Stimme und ausreichende \u00d6ffentlichkeit geben. Denn es ist unsere Aufgabe diese K\u00e4mpfe weiterzutragen, damit ihr Widerstand aus den Mauern der Gef\u00e4ngnisse herausreichen kann. G\u00fcvens Worte zu ihrem Hungerstreik: \u201eDiese Isolation gilt nicht nur einer Person, sondern einem gesamten Volk. Ich bin in die Politik gegangen, weil mich das Paradigma Abdullah \u00d6calans dazu motiviert hat. Isolation ist ein Verbrechen. Ich werde meinen Hungerstreik fortsetzen, bis die Justiz ihre unrechtm\u00e4\u00dfigen Entscheidungen aufhebt und die Isolation beendet wird.\u201c<\/p>\n","protected":false},"excerpt":{"rendered":"<p>04.01.2019 Die akuten Kriegsdrohungen der T\u00fcrkei mobilisieren die Menschen in der demokratischen Konf\u00f6deration Nord- und Ostsyrien. \u00dcber das ganze Gebiet finden derzeit Demonstrationen statt. Die Aktion der menschlichen Schutzschilde an der Grenze zieht gro\u00dfe Aufmerksamkeit auf sich. Aufrufe werden verfasst und au\u00dferordentliche Versammlungen zur aktuellen Lage einberufen. Die letzten Tage und Wochen zeigen wie sehr [&hellip;]<\/p>\n","protected":false},"author":1,"featured_media":403,"comment_status":"open","ping_status":"open","sticky":false,"template":"","format":"standard","meta":{"om_disable_all_campaigns":false,"_monsterinsights_skip_tracking":false,"_monsterinsights_sitenote_active":false,"_monsterinsights_sitenote_note":"","_monsterinsights_sitenote_category":0,"footnotes":""},"categories":[8],"tags":[],"class_list":["post-636","post","type-post","status-publish","format-standard","has-post-thumbnail","hentry","category-feministische-delegation-rojava"],"aioseo_notices":[],"_links":{"self":[{"href":"https:\/\/gemeinsam-kaempfen.de\/index.php?rest_route=\/wp\/v2\/posts\/636","targetHints":{"allow":["GET"]}}],"collection":[{"href":"https:\/\/gemeinsam-kaempfen.de\/index.php?rest_route=\/wp\/v2\/posts"}],"about":[{"href":"https:\/\/gemeinsam-kaempfen.de\/index.php?rest_route=\/wp\/v2\/types\/post"}],"author":[{"embeddable":true,"href":"https:\/\/gemeinsam-kaempfen.de\/index.php?rest_route=\/wp\/v2\/users\/1"}],"replies":[{"embeddable":true,"href":"https:\/\/gemeinsam-kaempfen.de\/index.php?rest_route=%2Fwp%2Fv2%2Fcomments&post=636"}],"version-history":[{"count":2,"href":"https:\/\/gemeinsam-kaempfen.de\/index.php?rest_route=\/wp\/v2\/posts\/636\/revisions"}],"predecessor-version":[{"id":820,"href":"https:\/\/gemeinsam-kaempfen.de\/index.php?rest_route=\/wp\/v2\/posts\/636\/revisions\/820"}],"wp:featuredmedia":[{"embeddable":true,"href":"https:\/\/gemeinsam-kaempfen.de\/index.php?rest_route=\/wp\/v2\/media\/403"}],"wp:attachment":[{"href":"https:\/\/gemeinsam-kaempfen.de\/index.php?rest_route=%2Fwp%2Fv2%2Fmedia&parent=636"}],"wp:term":[{"taxonomy":"category","embeddable":true,"href":"https:\/\/gemeinsam-kaempfen.de\/index.php?rest_route=%2Fwp%2Fv2%2Fcategories&post=636"},{"taxonomy":"post_tag","embeddable":true,"href":"https:\/\/gemeinsam-kaempfen.de\/index.php?rest_route=%2Fwp%2Fv2%2Ftags&post=636"}],"curies":[{"name":"wp","href":"https:\/\/api.w.org\/{rel}","templated":true}]}}