{"id":641,"date":"2022-08-22T22:54:41","date_gmt":"2022-08-22T20:54:41","guid":{"rendered":"https:\/\/gemeinsam-kaempfen.de\/?p=641"},"modified":"2022-08-24T16:06:02","modified_gmt":"2022-08-24T14:06:02","slug":"sara-rojbin-ronahi","status":"publish","type":"post","link":"https:\/\/gemeinsam-kaempfen.de\/?p=641","title":{"rendered":"Sara, Rojb\u00een, Ronah\u00ee"},"content":{"rendered":"\n<p><\/p>\n\n\n\n<p>10.01.2019<\/p>\n\n\n\n<p><\/p>\n\n\n\n<p>Am gestrigen Tag, dem neunten Januar, wurden vor sechs Jahren in Paris Sakine Cans\u0131z (Sara), Fidan Do\u011fan (Rojb\u00een) und Leyla \u015eaylemez (Ronah\u00ee) von einem Agenten des t\u00fcrkischen Geheimdienst (MIT) ermordet. Alle drei waren Teil der kurdischen Frauenbewegung und spielten eine bedeutende Rolle in der Frauenorganisierung in Kurdistan und Europa.<\/p>\n\n\n\n<p>An ihrem Todestag fanden in der ganzen demokratischen Konf\u00f6deration Nord\/-Ostsyrien Aktionen statt. In jeder gr\u00f6\u00dferen Stadt gab es Demonstrationen, so auch in Derik, einer Stadt im Osten des Kantons Cizire, wo wir uns f\u00fcr wenige Tage aufhalten und an der Demo teilnehmen.<\/p>\n\n\n\n<p>Langsam wird es auch hier in Rojava kalt. Zwischen Regen und Hagel kommt allerdings immer mal die Sonne raus. Wir laufen innerhalb des Frauenblocks f\u00fcr eine Stunde vom Jugendzentrum bis zum \u015eehid-Beyram-Platz. Zwischen den lautstarken Rufen kommen wir auch in Gespr\u00e4che mit den Frauen um uns herum. Die aktuelle Bedrohungslage ist dabei immer wieder Thema. Eine Vertreterin von Kongreya Star, dem Dachverband der kurdischen Frauenbewegung, betont, dass man sich einer Besetzung nicht beugen wird. Die Bev\u00f6lkerung und die milit\u00e4rischen Einheiten seien bereit, das befreite Rojava und Nordsyrien, das auf der Basis der K\u00e4mpfe von unter anderem Hevala Sara, Rojb\u00een und Ronah\u00ee aufgebaut wurde, zu verteidigen.<\/p>\n\n\n\n<p>Die Angriffe gegen die demokratische Konf\u00f6deration richten sich vor allem gegen die Frauenrevolution, die eine lebendige und friedliche Alternative f\u00fcr die Menschen hier bietet. Diese Alternative ist nicht einfach vom Himmel gefallen. Sie wurde sich in jahrelangen K\u00e4mpfen hart erarbeitet. K\u00e4mpfe, die allen voran Sakine Cans\u0131z f\u00fchrte. Sie gilt als Vorreiterin der Frauenrevolution und hatte eine pr\u00e4gende Rolle bei der Gr\u00fcndung der PKK. Der Aufbau von autonomen Fraueneinheiten ist auf sie zur\u00fcckzuf\u00fchren. Wie viele andere war auch sie lange in der T\u00fcrkei inhaftiert und spielte eine bedeutende Rolle im Gef\u00e4ngniswiderstand von Amed. Nicht nur durchstand sie die heftige Folter ohne Aussagen zu t\u00e4tigen, sondern schaffte es, die Frauen hinter den Gef\u00e4ngnismauern zu organisieren und eine gemeinsame Kraft zu entwickeln.<\/p>\n\n\n\n<p>Ihre Ideen leben heute im Aufbau der demokratischen Konf\u00f6deration Nord\/-Ostsyrien weiter. Betrachten wir die Angriffe darauf, ist deutlich wogegen sie sich richten. Gegen die organisierte Kraft der Frauen, die in die ganze Welt strahlt. Gegen die Revolution und das alternative Gesellschaftsprojekt, das die geschichtliche und wissenschaftliche Deutungshoheit des patriarchalen kapitalistischen Systems in Frage stellt.<\/p>\n\n\n\n<p>Auch Europa nimmt hier eine tragende Rolle ein. Es ist insbesondere Deutschland, das die Repression und Verfolgung linker kurdischer Politik in den letzten Jahren massiv vorangetrieben hat. Die Einstufung der PKK als Terrororganisation hier ist keineswegs gesamteurop\u00e4ische Linie, f\u00fchrte aber in Deutschland zu einer Reihe von Symbolverboten und Ermittlungen. Zunehmend folgen daraus lange Haftstrafen f\u00fcr kurdische Aktivist*innen und Unterst\u00fctzer*innen der Freiheitsbewegung. Der Ermittlungswille der europ\u00e4ischen Beh\u00f6rden gegen\u00fcber der kurdischen Freiheitsbewegung scheint umso heuchlerischer angesichts dessen, dass die Morde an den Freundinnen in Paris noch immer nicht aufgekl\u00e4rt sind. Viel mehr noch wurden die Ermittlungen eingestellt.<\/p>\n\n\n\n<p>Am Samstag findet in Paris eine Gro\u00dfdemo gegen die Ermordungen an den drei Freundinnen statt. Diese Angriffe auf die Frauenrevolution betreffen uns alle. Am 12.1. ist die Gelegenheit auch dort, wo die Freundinnen ermordet wurden, zusammen zu kommen, ihnen zu gedenken und unsere Wut auf die Stra\u00dfe zu tragen.<\/p>\n","protected":false},"excerpt":{"rendered":"<p>10.01.2019 Am gestrigen Tag, dem neunten Januar, wurden vor sechs Jahren in Paris Sakine Cans\u0131z (Sara), Fidan Do\u011fan (Rojb\u00een) und Leyla \u015eaylemez (Ronah\u00ee) von einem Agenten des t\u00fcrkischen Geheimdienst (MIT) ermordet. Alle drei waren Teil der kurdischen Frauenbewegung und spielten eine bedeutende Rolle in der Frauenorganisierung in Kurdistan und Europa. An ihrem Todestag fanden in [&hellip;]<\/p>\n","protected":false},"author":1,"featured_media":632,"comment_status":"open","ping_status":"open","sticky":false,"template":"","format":"standard","meta":{"om_disable_all_campaigns":false,"_monsterinsights_skip_tracking":false,"_monsterinsights_sitenote_active":false,"_monsterinsights_sitenote_note":"","_monsterinsights_sitenote_category":0,"footnotes":""},"categories":[8],"tags":[],"class_list":["post-641","post","type-post","status-publish","format-standard","has-post-thumbnail","hentry","category-feministische-delegation-rojava"],"aioseo_notices":[],"_links":{"self":[{"href":"https:\/\/gemeinsam-kaempfen.de\/index.php?rest_route=\/wp\/v2\/posts\/641","targetHints":{"allow":["GET"]}}],"collection":[{"href":"https:\/\/gemeinsam-kaempfen.de\/index.php?rest_route=\/wp\/v2\/posts"}],"about":[{"href":"https:\/\/gemeinsam-kaempfen.de\/index.php?rest_route=\/wp\/v2\/types\/post"}],"author":[{"embeddable":true,"href":"https:\/\/gemeinsam-kaempfen.de\/index.php?rest_route=\/wp\/v2\/users\/1"}],"replies":[{"embeddable":true,"href":"https:\/\/gemeinsam-kaempfen.de\/index.php?rest_route=%2Fwp%2Fv2%2Fcomments&post=641"}],"version-history":[{"count":2,"href":"https:\/\/gemeinsam-kaempfen.de\/index.php?rest_route=\/wp\/v2\/posts\/641\/revisions"}],"predecessor-version":[{"id":818,"href":"https:\/\/gemeinsam-kaempfen.de\/index.php?rest_route=\/wp\/v2\/posts\/641\/revisions\/818"}],"wp:featuredmedia":[{"embeddable":true,"href":"https:\/\/gemeinsam-kaempfen.de\/index.php?rest_route=\/wp\/v2\/media\/632"}],"wp:attachment":[{"href":"https:\/\/gemeinsam-kaempfen.de\/index.php?rest_route=%2Fwp%2Fv2%2Fmedia&parent=641"}],"wp:term":[{"taxonomy":"category","embeddable":true,"href":"https:\/\/gemeinsam-kaempfen.de\/index.php?rest_route=%2Fwp%2Fv2%2Fcategories&post=641"},{"taxonomy":"post_tag","embeddable":true,"href":"https:\/\/gemeinsam-kaempfen.de\/index.php?rest_route=%2Fwp%2Fv2%2Ftags&post=641"}],"curies":[{"name":"wp","href":"https:\/\/api.w.org\/{rel}","templated":true}]}}