{"id":645,"date":"2022-08-22T23:02:17","date_gmt":"2022-08-22T21:02:17","guid":{"rendered":"https:\/\/gemeinsam-kaempfen.de\/?p=645"},"modified":"2022-08-24T16:27:30","modified_gmt":"2022-08-24T14:27:30","slug":"die-gesundheitsakademie-von-nord-und-ostsyrien","status":"publish","type":"post","link":"https:\/\/gemeinsam-kaempfen.de\/?p=645","title":{"rendered":"Die Gesundheitsakademie von Nord- und Ostsyrien"},"content":{"rendered":"\n<p><\/p>\n\n\n\n<p>18.01.2019<\/p>\n\n\n\n<p><\/p>\n\n\n\n<p>Ein Bestandteil der Arbeiten in allen Institutionen der demokratischen Konf\u00f6deration sind die Au\u00dfenarbeiten. Einerseits vernetzen sie die Projekte der Revolution mit den Bewegungen weltweit, andererseits sorgen sie f\u00fcr den notwendigen Austausch mit Bev\u00f6lkerungsgruppen vor Ort. Den Blick immer aus den Interna der eigenen Arbeit hinaus zu richten, ist \u00fcberlebensnotwendig f\u00fcr eine Revolution, die sich selbst als internationalistisch versteht. So ist die diplomatische Arbeit auch Teil von Strukturen, deren Schwerpunkt erst einmal an anderer Stelle zu liegen scheint. Die Gesundheitsakademie Akademiya Tendurist\u00ee a Rojava bildet zuk\u00fcnftige \u00c4rzte und \u00c4rztinnen in Qamishlo aus. Gleichzeitig pflegt sie Kontakte zu medizinischen Einrichtungen in Argentinien, Spanien, Deutschland, Kuba und Italien. F\u00fcr die Ausbildung erm\u00f6glicht das eine Ausweitung von Wissen und technischen M\u00f6glichkeiten. Gegenseitige Besuche und Online-Konferenzen bedeuten aber auch, die kommunalistische Herangehensweise an Gesundheit ebenso an Mediziner und Medizinerinnen au\u00dferhalb zu vermitteln.<\/p>\n\n\n\n<figure class=\"wp-block-image size-full is-resized\"><img fetchpriority=\"high\" decoding=\"async\" src=\"https:\/\/gemeinsam-kaempfen.de\/wp-content\/uploads\/2022\/07\/25.jpg\" alt=\"\" class=\"wp-image-395\" width=\"657\" height=\"493\" srcset=\"https:\/\/gemeinsam-kaempfen.de\/wp-content\/uploads\/2022\/07\/25.jpg 800w, https:\/\/gemeinsam-kaempfen.de\/wp-content\/uploads\/2022\/07\/25-300x225.jpg 300w, https:\/\/gemeinsam-kaempfen.de\/wp-content\/uploads\/2022\/07\/25-768x576.jpg 768w\" sizes=\"(max-width: 657px) 100vw, 657px\" \/><\/figure>\n\n\n\n<p><strong>Ein Medizinstudium in der Revolution&#8230;<\/strong><\/p>\n\n\n\n<p>Die Gesundheitsakademie in Qamishlo ist noch sehr jung. Erst seit zwei Jahren laufen hier durchg\u00e4ngig die Ausbildungs- und Studienprogramme. Bisher best\u00e4tigen die Studierendenzahlen ihre Notwendigkeit. Die Akademie wird gut angenommen, erz\u00e4hlt einer der Vorsitzenden, der seit Beginn an den Aufbauarbeiten hier beteiligt war. Der Alltag der Studierenden ist prall gef\u00fcllt. Jeden Tag findet von 8:00 bis 17Uhr Unterricht statt, abends gibt es selbstorganisierte Seminare der Studierenden, dazwischen jeweils zwei Stunden Mittagspause und Abendessen, erz\u00e4hlt uns die Studierendenvertretung Heval Susan. Ein straffes Programm; besonders wenn man sich noch die Zeit f\u00fcr Selbstorganisierung, Besprechungen und Koordinationstreffen hinzudenkt. Da ist es fast \u00fcberraschend wie ausgelassen die Studierenden in der Mittagspause wirken. Ganz anders als so manche Medizinstudent*innen in Deutschland. Die Seminarpl\u00e4ne verfolgen eine ganzheitliche Herangehensweise an Gesundheit. Sie sollen die Zusammenh\u00e4nge zwischen Krankheiten und sozialen Problemen, \u00d6kologie und pers\u00f6nlicher Lebensweise aufzeigen. Nichtsdestotrotz kommt auch hier das Studium nicht um das Auswendiglernen anatomischer Begriffe, Prozesse und Vorg\u00e4nge im K\u00f6rper herum. Und doch spiegelt das Medizinstudium in Qamishlo die Paradigmen der Revolution wieder. Eine solche Ausbildung ist ebenso S\u00e4ule der Selbstverteidigung der Revolution: die kollektive Aneignung des Wissens \u00fcber Gesundheit, \u00f6kologisches Bewusstsein, gegenseitige Unterst\u00fctzung und Freiheit ist immer widerst\u00e4ndig gegen ein kommerzialisiertes System von Pharmaindustrie und Effizienz. Die Ausbildung selbst setzt sich zusammen aus vier Jahren Bildung in der Akademie, drei Praxisjahren au\u00dferhalb und zwei bis drei Jahren Spezialisierung in der Akademie. Wie genau die Spezialisierung dann aussehe, sei noch im Prozess, da es die Gesundheitsakademie erst seit zwei Jahren gebe und einiges noch nicht erprobt sei, erz\u00e4hlt uns der Freund. Und auch wenn gewisse Methoden schlie\u00dflich erprobt sind, sind sie nicht statisch. Die Freundin Susan erz\u00e4hlt uns, die Menschen aus den D\u00f6rfern h\u00e4tten fr\u00fcher Angst vor dem Arzt gehabt, weil er nur schlechte Nachrichten gebracht habe. \u201eWir verbringen eine sch\u00f6ne Zeit mit den Leuten, die Stimmung ist gut. Wenn sie mit dem Arzt eine sch\u00f6ne Zeit verbinden, dann k\u00f6nnen die Menschen heilen.\u201c Genauso wie die Revolution an sich, ist alles als einen Prozess des Probierens, Auswertens und Verbesserns. So arbeiten die Bildungsinstitutionen mit der Methode des Tekm\u00eels (Kritik und Selbstkritik) . Im Tekm\u00eel der Gesundheitsakademie kommen die Vertretungen der Studierendenkommunen und die Lehrenden zusammen und besprechen alle Dinge, die sowohl die Ausbildung als auch das gemeinsame Zusammenleben betreffen. Studierende und Lehrende befinden sich n\u00e4mlich nicht nur tags\u00fcber in der Akademie, sondern f\u00fchren ein gemeinsames Leben dort.<\/p>\n\n\n\n<p><strong>&#8230;ist nie unbeeinflusst vom Kriegsgeschehen<\/strong><\/p>\n\n\n\n<p>Wie viele der neuen Bildungseinrichtungen k\u00e4mpft auch die Akademie gegen die permanente Unsicherheit im Krieg an. Besonders bei den Eltern der Studierenden ist die Angst weit verbreitet, eine solch intensive Ausbildung k\u00f6nne mit dem Angriff auf die Selbstverwaltung ihre G\u00fcltigkeit verlieren. Syrisches Regime, Dschihadist*innen und internationale Kr\u00e4fte bleiben immer pr\u00e4sent. Wie sich die Zukunft f\u00fcr die Studierenden in den n\u00e4chsten Jahren gestalten wird, ist keinesfalls sicher. Die meisten Staaten und Universit\u00e4ten weltweit erkennen die Ausbildung in Qamishlo nicht an. Immer wieder wird uns davon erz\u00e4hlt, dass Familien auch deshalb ihre Kinder noch in Schulen des Regimes schickten, auch wenn die Ausbildung dort viel schlechter sei. Dass das Diplom einer Krankenschwester, die hier gelernt habe, in den Niederlanden sogar akzeptiert worden sei, allerdings erst als sie die gelernten F\u00e4cher und Anzahl an Unterrichtsstunden vorgezeigt habe, wird hier von Vielen erz\u00e4hlt. Denn es ist eine Ausnahme. Wirtschaftsembargo und Flucht vor Krieg machen sich \u00fcberall bemerkbar. Es fehlen weiterhin die Mittel um die Ausbildung den Anspr\u00fcchen gerecht gestalten zu k\u00f6nnen. So k\u00f6nne man als zuk\u00fcnftige Chirurgin selten Operationen \u00fcben, klagt eine Studentin. Dennoch schafft es die Akademie mit den gegeben Mitteln zu arbeiten und eine Vielzahl an Wissen zu vermitteln. Die Studierenden geben das Erlernte weiter und tragen dadurch in der Gesellschaft zu einem Bewusstsein \u00fcber Gesundheit, den K\u00f6rper, eine gesunde Lebensweise und Heilung bei. Sie geben Seminare an Universit\u00e4ten und vor allem in D\u00f6rfern. Die Bildungen handeln von Brust- und Unterleibskrebs, Geburt oder dem Anwenden von Heilpflanzen. Wissen aus Schuldmedizin und Naturheilkunde wird zusammen gedacht.<\/p>\n\n\n\n<figure class=\"wp-block-gallery has-nested-images columns-default is-cropped wp-block-gallery-1 is-layout-flex wp-block-gallery-is-layout-flex\">\n<figure class=\"wp-block-image size-full is-resized\"><img decoding=\"async\" data-id=\"397\" src=\"https:\/\/gemeinsam-kaempfen.de\/wp-content\/uploads\/2022\/07\/27.jpg\" alt=\"\" class=\"wp-image-397\" width=\"479\" height=\"638\" srcset=\"https:\/\/gemeinsam-kaempfen.de\/wp-content\/uploads\/2022\/07\/27.jpg 700w, https:\/\/gemeinsam-kaempfen.de\/wp-content\/uploads\/2022\/07\/27-225x300.jpg 225w\" sizes=\"(max-width: 479px) 100vw, 479px\" \/><\/figure>\n<\/figure>\n\n\n\n<p>Momentan gibt es Gesundheitsakademien dieser Art in Qamishlo und Serekaniy\u00ea. In Koban\u00ea studieren ausschlie\u00dflich Frauen. Auch im Shengal und dem irakischen Autonomiegebiet werden Akademien geplant. Die Kontakte nach au\u00dfen machen es m\u00f6glich, dass auch \u00fcber Grenzen hinweg gelernt und geheilt werden kann \u2013 sowohl medizinisch als auch revolution\u00e4r.<\/p>\n","protected":false},"excerpt":{"rendered":"<p>18.01.2019 Ein Bestandteil der Arbeiten in allen Institutionen der demokratischen Konf\u00f6deration sind die Au\u00dfenarbeiten. Einerseits vernetzen sie die Projekte der Revolution mit den Bewegungen weltweit, andererseits sorgen sie f\u00fcr den notwendigen Austausch mit Bev\u00f6lkerungsgruppen vor Ort. Den Blick immer aus den Interna der eigenen Arbeit hinaus zu richten, ist \u00fcberlebensnotwendig f\u00fcr eine Revolution, die sich [&hellip;]<\/p>\n","protected":false},"author":1,"featured_media":396,"comment_status":"open","ping_status":"open","sticky":false,"template":"","format":"standard","meta":{"om_disable_all_campaigns":false,"_monsterinsights_skip_tracking":false,"_monsterinsights_sitenote_active":false,"_monsterinsights_sitenote_note":"","_monsterinsights_sitenote_category":0,"footnotes":""},"categories":[8],"tags":[],"class_list":["post-645","post","type-post","status-publish","format-standard","has-post-thumbnail","hentry","category-feministische-delegation-rojava"],"aioseo_notices":[],"_links":{"self":[{"href":"https:\/\/gemeinsam-kaempfen.de\/index.php?rest_route=\/wp\/v2\/posts\/645","targetHints":{"allow":["GET"]}}],"collection":[{"href":"https:\/\/gemeinsam-kaempfen.de\/index.php?rest_route=\/wp\/v2\/posts"}],"about":[{"href":"https:\/\/gemeinsam-kaempfen.de\/index.php?rest_route=\/wp\/v2\/types\/post"}],"author":[{"embeddable":true,"href":"https:\/\/gemeinsam-kaempfen.de\/index.php?rest_route=\/wp\/v2\/users\/1"}],"replies":[{"embeddable":true,"href":"https:\/\/gemeinsam-kaempfen.de\/index.php?rest_route=%2Fwp%2Fv2%2Fcomments&post=645"}],"version-history":[{"count":2,"href":"https:\/\/gemeinsam-kaempfen.de\/index.php?rest_route=\/wp\/v2\/posts\/645\/revisions"}],"predecessor-version":[{"id":816,"href":"https:\/\/gemeinsam-kaempfen.de\/index.php?rest_route=\/wp\/v2\/posts\/645\/revisions\/816"}],"wp:featuredmedia":[{"embeddable":true,"href":"https:\/\/gemeinsam-kaempfen.de\/index.php?rest_route=\/wp\/v2\/media\/396"}],"wp:attachment":[{"href":"https:\/\/gemeinsam-kaempfen.de\/index.php?rest_route=%2Fwp%2Fv2%2Fmedia&parent=645"}],"wp:term":[{"taxonomy":"category","embeddable":true,"href":"https:\/\/gemeinsam-kaempfen.de\/index.php?rest_route=%2Fwp%2Fv2%2Fcategories&post=645"},{"taxonomy":"post_tag","embeddable":true,"href":"https:\/\/gemeinsam-kaempfen.de\/index.php?rest_route=%2Fwp%2Fv2%2Ftags&post=645"}],"curies":[{"name":"wp","href":"https:\/\/api.w.org\/{rel}","templated":true}]}}