{"id":662,"date":"2022-08-23T16:35:32","date_gmt":"2022-08-23T14:35:32","guid":{"rendered":"https:\/\/gemeinsam-kaempfen.de\/?p=662"},"modified":"2022-08-24T16:01:27","modified_gmt":"2022-08-24T14:01:27","slug":"1000-kleine-revolutionen-jeden-tag","status":"publish","type":"post","link":"https:\/\/gemeinsam-kaempfen.de\/?p=662","title":{"rendered":"&#8222;1000 kleine Revolutionen jeden Tag&#8220;"},"content":{"rendered":"\n<p><\/p>\n\n\n\n<p>13.03.2019<\/p>\n\n\n\n<p><\/p>\n\n\n\n<p>Zum 8. M\u00e4rz erschien im re:volt magazine ein Interview mit uns. Wir sprechen \u00fcber die Frauenrevolution, die wir ein St\u00fcck kennen gelernt haben, Widerspr\u00fcche denen wir begegnet sind und Perspektiven die sich uns damit er\u00f6ffnet haben.<\/p>\n\n\n\n<p><a href=\"https:\/\/revoltmag.org\/articles\/1000-kleine-revolutionen-jeden-tag\/\">https:\/\/revoltmag.org\/articles\/1000-kleine-revolutionen-jeden-tag\/<\/a><\/p>\n","protected":false},"excerpt":{"rendered":"<p>13.03.2019 Zum 8. M\u00e4rz erschien im re:volt magazine ein Interview mit uns. Wir sprechen \u00fcber die Frauenrevolution, die wir ein St\u00fcck kennen gelernt haben, Widerspr\u00fcche denen wir begegnet sind und Perspektiven die sich uns damit er\u00f6ffnet haben. https:\/\/revoltmag.org\/articles\/1000-kleine-revolutionen-jeden-tag\/<\/p>\n","protected":false},"author":1,"featured_media":374,"comment_status":"open","ping_status":"open","sticky":false,"template":"","format":"standard","meta":{"om_disable_all_campaigns":false,"_monsterinsights_skip_tracking":false,"_monsterinsights_sitenote_active":false,"_monsterinsights_sitenote_note":"","_monsterinsights_sitenote_category":0,"footnotes":""},"categories":[8],"tags":[],"class_list":["post-662","post","type-post","status-publish","format-standard","has-post-thumbnail","hentry","category-feministische-delegation-rojava"],"aioseo_notices":[],"_links":{"self":[{"href":"https:\/\/gemeinsam-kaempfen.de\/index.php?rest_route=\/wp\/v2\/posts\/662","targetHints":{"allow":["GET"]}}],"collection":[{"href":"https:\/\/gemeinsam-kaempfen.de\/index.php?rest_route=\/wp\/v2\/posts"}],"about":[{"href":"https:\/\/gemeinsam-kaempfen.de\/index.php?rest_route=\/wp\/v2\/types\/post"}],"author":[{"embeddable":true,"href":"https:\/\/gemeinsam-kaempfen.de\/index.php?rest_route=\/wp\/v2\/users\/1"}],"replies":[{"embeddable":true,"href":"https:\/\/gemeinsam-kaempfen.de\/index.php?rest_route=%2Fwp%2Fv2%2Fcomments&post=662"}],"version-history":[{"count":2,"href":"https:\/\/gemeinsam-kaempfen.de\/index.php?rest_route=\/wp\/v2\/posts\/662\/revisions"}],"predecessor-version":[{"id":808,"href":"https:\/\/gemeinsam-kaempfen.de\/index.php?rest_route=\/wp\/v2\/posts\/662\/revisions\/808"}],"wp:featuredmedia":[{"embeddable":true,"href":"https:\/\/gemeinsam-kaempfen.de\/index.php?rest_route=\/wp\/v2\/media\/374"}],"wp:attachment":[{"href":"https:\/\/gemeinsam-kaempfen.de\/index.php?rest_route=%2Fwp%2Fv2%2Fmedia&parent=662"}],"wp:term":[{"taxonomy":"category","embeddable":true,"href":"https:\/\/gemeinsam-kaempfen.de\/index.php?rest_route=%2Fwp%2Fv2%2Fcategories&post=662"},{"taxonomy":"post_tag","embeddable":true,"href":"https:\/\/gemeinsam-kaempfen.de\/index.php?rest_route=%2Fwp%2Fv2%2Ftags&post=662"}],"curies":[{"name":"wp","href":"https:\/\/api.w.org\/{rel}","templated":true}]}}