{"id":669,"date":"2022-08-23T17:01:54","date_gmt":"2022-08-23T15:01:54","guid":{"rendered":"https:\/\/gemeinsam-kaempfen.de\/?p=669"},"modified":"2022-08-24T15:58:56","modified_gmt":"2022-08-24T13:58:56","slug":"7000insolidaritaet-mit-7000gegenisolation","status":"publish","type":"post","link":"https:\/\/gemeinsam-kaempfen.de\/?p=669","title":{"rendered":"#7000inSolidarit\u00e4t mit #7000gegenIsolation"},"content":{"rendered":"\n<p><\/p>\n\n\n\n<p>25. April 2019<\/p>\n\n\n\n<p><\/p>\n\n\n\n<p><strong>Bundesweiter Aktionstag zur Solidarit\u00e4t mit den 7000 politischen Gefangenen, die in der T\u00fcrkei im Hungerstreik gegen die Isolation des kurdischen Repr\u00e4sentanten Abdullah \u00d6calans sind<\/strong><\/p>\n\n\n\n<p>Mit der Solidarit\u00e4tsaktion sollen die Verantwortlichen in der EU, im Europarat und dem Antifolterkomitee (CPT) dazu aufgerufen werden, Druck auf die t\u00fcrkische Regierung auszu\u00fcben, damit diese die Menschenrechte einh\u00e4lt und den Forderungen der Hungerstreikenden entspricht.<\/p>\n\n\n\n<p>Mit dem von der HDP-Abgeordneten Leyla G\u00fcven am 7. November initiierten Hungerstreik werden Bedingungen f\u00fcr \u00d6calan gefordert, in denen er als Vorsitzender einer legitimen Bewegung leben und arbeiten kann, um so zu einer L\u00f6sung der kurdischen Frage beizutragen. An dem Massenprotest beteiligen sich neben den Gefangenen auch Aktivist*innen in Nord-und S\u00fcdkurdistan, Frankreich, Italien, Wales, England, Deutschland, den Niederlanden, \u00d6sterreich, Kanada und der Schweiz.<\/p>\n\n\n\n<figure class=\"wp-block-gallery has-nested-images columns-default is-cropped wp-block-gallery-1 is-layout-flex wp-block-gallery-is-layout-flex\">\n<figure class=\"wp-block-image size-large\"><img fetchpriority=\"high\" decoding=\"async\" width=\"1600\" height=\"1200\" data-id=\"804\" src=\"https:\/\/gemeinsam-kaempfen.de\/wp-content\/uploads\/2022\/08\/nuertingen1.1.jpg\" alt=\"\" class=\"wp-image-804\" srcset=\"https:\/\/gemeinsam-kaempfen.de\/wp-content\/uploads\/2022\/08\/nuertingen1.1.jpg 1600w, https:\/\/gemeinsam-kaempfen.de\/wp-content\/uploads\/2022\/08\/nuertingen1.1-300x225.jpg 300w, https:\/\/gemeinsam-kaempfen.de\/wp-content\/uploads\/2022\/08\/nuertingen1.1-1024x768.jpg 1024w, https:\/\/gemeinsam-kaempfen.de\/wp-content\/uploads\/2022\/08\/nuertingen1.1-768x576.jpg 768w, https:\/\/gemeinsam-kaempfen.de\/wp-content\/uploads\/2022\/08\/nuertingen1.1-1536x1152.jpg 1536w\" sizes=\"(max-width: 1600px) 100vw, 1600px\" \/><\/figure>\n\n\n\n<figure class=\"wp-block-image size-large\"><img decoding=\"async\" width=\"1200\" height=\"800\" data-id=\"803\" src=\"https:\/\/gemeinsam-kaempfen.de\/wp-content\/uploads\/2022\/08\/hh-a-1.jpg\" alt=\"\" class=\"wp-image-803\" srcset=\"https:\/\/gemeinsam-kaempfen.de\/wp-content\/uploads\/2022\/08\/hh-a-1.jpg 1200w, https:\/\/gemeinsam-kaempfen.de\/wp-content\/uploads\/2022\/08\/hh-a-1-300x200.jpg 300w, https:\/\/gemeinsam-kaempfen.de\/wp-content\/uploads\/2022\/08\/hh-a-1-1024x683.jpg 1024w, https:\/\/gemeinsam-kaempfen.de\/wp-content\/uploads\/2022\/08\/hh-a-1-768x512.jpg 768w\" sizes=\"(max-width: 1200px) 100vw, 1200px\" \/><\/figure>\n\n\n\n<figure class=\"wp-block-image size-large\"><img decoding=\"async\" width=\"1200\" height=\"1600\" data-id=\"801\" src=\"https:\/\/gemeinsam-kaempfen.de\/wp-content\/uploads\/2022\/08\/d4-zfnwwwaac8ms.jpg\" alt=\"\" class=\"wp-image-801\" srcset=\"https:\/\/gemeinsam-kaempfen.de\/wp-content\/uploads\/2022\/08\/d4-zfnwwwaac8ms.jpg 1200w, https:\/\/gemeinsam-kaempfen.de\/wp-content\/uploads\/2022\/08\/d4-zfnwwwaac8ms-225x300.jpg 225w, https:\/\/gemeinsam-kaempfen.de\/wp-content\/uploads\/2022\/08\/d4-zfnwwwaac8ms-768x1024.jpg 768w, https:\/\/gemeinsam-kaempfen.de\/wp-content\/uploads\/2022\/08\/d4-zfnwwwaac8ms-1152x1536.jpg 1152w\" sizes=\"(max-width: 1200px) 100vw, 1200px\" \/><\/figure>\n<\/figure>\n","protected":false},"excerpt":{"rendered":"<p>25. April 2019 Bundesweiter Aktionstag zur Solidarit\u00e4t mit den 7000 politischen Gefangenen, die in der T\u00fcrkei im Hungerstreik gegen die Isolation des kurdischen Repr\u00e4sentanten Abdullah \u00d6calans sind Mit der Solidarit\u00e4tsaktion sollen die Verantwortlichen in der EU, im Europarat und dem Antifolterkomitee (CPT) dazu aufgerufen werden, Druck auf die t\u00fcrkische Regierung auszu\u00fcben, damit diese die Menschenrechte [&hellip;]<\/p>\n","protected":false},"author":1,"featured_media":0,"comment_status":"open","ping_status":"open","sticky":false,"template":"","format":"standard","meta":{"om_disable_all_campaigns":false,"_monsterinsights_skip_tracking":false,"_monsterinsights_sitenote_active":false,"_monsterinsights_sitenote_note":"","_monsterinsights_sitenote_category":0,"footnotes":""},"categories":[1],"tags":[],"class_list":["post-669","post","type-post","status-publish","format-standard","hentry","category-aktuelles"],"aioseo_notices":[],"_links":{"self":[{"href":"https:\/\/gemeinsam-kaempfen.de\/index.php?rest_route=\/wp\/v2\/posts\/669","targetHints":{"allow":["GET"]}}],"collection":[{"href":"https:\/\/gemeinsam-kaempfen.de\/index.php?rest_route=\/wp\/v2\/posts"}],"about":[{"href":"https:\/\/gemeinsam-kaempfen.de\/index.php?rest_route=\/wp\/v2\/types\/post"}],"author":[{"embeddable":true,"href":"https:\/\/gemeinsam-kaempfen.de\/index.php?rest_route=\/wp\/v2\/users\/1"}],"replies":[{"embeddable":true,"href":"https:\/\/gemeinsam-kaempfen.de\/index.php?rest_route=%2Fwp%2Fv2%2Fcomments&post=669"}],"version-history":[{"count":3,"href":"https:\/\/gemeinsam-kaempfen.de\/index.php?rest_route=\/wp\/v2\/posts\/669\/revisions"}],"predecessor-version":[{"id":805,"href":"https:\/\/gemeinsam-kaempfen.de\/index.php?rest_route=\/wp\/v2\/posts\/669\/revisions\/805"}],"wp:attachment":[{"href":"https:\/\/gemeinsam-kaempfen.de\/index.php?rest_route=%2Fwp%2Fv2%2Fmedia&parent=669"}],"wp:term":[{"taxonomy":"category","embeddable":true,"href":"https:\/\/gemeinsam-kaempfen.de\/index.php?rest_route=%2Fwp%2Fv2%2Fcategories&post=669"},{"taxonomy":"post_tag","embeddable":true,"href":"https:\/\/gemeinsam-kaempfen.de\/index.php?rest_route=%2Fwp%2Fv2%2Ftags&post=669"}],"curies":[{"name":"wp","href":"https:\/\/api.w.org\/{rel}","templated":true}]}}