{"id":674,"date":"2022-08-24T12:40:46","date_gmt":"2022-08-24T10:40:46","guid":{"rendered":"https:\/\/gemeinsam-kaempfen.de\/?p=674"},"modified":"2022-08-24T12:40:46","modified_gmt":"2022-08-24T10:40:46","slug":"solidaritaetserklaerung-mit-den-abgesetzten-buergermeisterinnen-von-amed-merdin-und-wan","status":"publish","type":"post","link":"https:\/\/gemeinsam-kaempfen.de\/?p=674","title":{"rendered":"Solidarit\u00e4tserkl\u00e4rung mit den abgesetzten B\u00fcrgermeister*innen von Amed, M\u00eardin und Wan"},"content":{"rendered":"\n<p><\/p>\n\n\n\n<p>20.8.2019<\/p>\n\n\n\n<p><\/p>\n\n\n\n<p>Im Rahmen einer Veranstaltung der Hamburger Lokalen wurde eine Solidarit\u00e4tserkl\u00e4rung zur tags zuvor in der T\u00fcrkei stattfindenden Absetzung der HDP-B\u00fcrgermeister*innen in Amed, M\u00eard\u00een und Wan sowie zu den Massenverhaftungen verlesen:<\/p>\n\n\n\n<p>\u201eWir sind hier heute auf der Veranstaltung der feministischen Kampagne \u201eGemeinsam k\u00e4mpfen f\u00fcr Selbstbestimmung und demokratische Autonomie zum Thema \u201eEurop\u00e4ischen Hexenverfolgung und das kapitalistische Patriarchat\u201c.<\/p>\n\n\n\n<p>Unsere Veranstaltung handelt von Angriffen auf Frauen*wissen in der Geschichte und -k\u00e4mpfe dagegen. Denn \u2013 unsere Geschichte zu kennen bedeutet, wieder zu wissen, wie wir den Kampf erneut aufnehmen k\u00f6nnen.<\/p>\n\n\n\n<p>Und zeitgleich h\u00f6ren wir von aktuellen Angriffen \u2013 in der vergangenen Nacht auf die im M\u00e4rz zur\u00fcckgewonnen Stadtverwaltungen der HDP in der T\u00fcrkei\/Nordkurdistan. Stadtverwaltungen, die schon seit Jahren von Frauenr\u00e4ten getragen wurden, die geschafft hatten Frauenstrukturen auf allen Ebenen aufzubauen. 2016 wurden sie von der AKP-Regierung unter Zwangsverwaltung gestellt \u2013 was zur Folge hatte, dass fast alle Frauenstrukturen, -kooperativen der Stadtverwaltung zerschlagen wurden.<\/p>\n\n\n\n<p>Vor f\u00fcnf Monaten bei den letzten Regionalwahlen wurden fast alle Bezirke zur\u00fcckgewonnen. Und es wurde gleich damit begonnen, das Zerst\u00f6rte wieder aufzubauen. Bedia \u00d6zg\u00f6k\u00e7e die gew\u00e4hlte Oberb\u00fcrgermeisterin der Stadt Wan erkl\u00e4rte noch letzte Woche: \u201eDas Ziel ist es, eine \u201aFrauenstadt\u2018 aufzubauen. Wir haben gleich am ersten Tag mit der Arbeit am Aufbau der Frauenstadt begonnen. Unter Frauenstadt verstehen wir, dass Frauen sichtbar sind, dass sie von allen \u00f6ffentlichen Angeboten profitieren k\u00f6nnen, dass der Lebensraum von Frauen vergr\u00f6\u00dfert wird und dass sie nicht diskriminiert werden.\u201c<\/p>\n\n\n\n<p>Auch in Amed wurden die Frauenproteste wieder sichtbar: Im Rahmen der Kampagne \u201eErhebe auch Du Dich f\u00fcr Wandel und Freiheit\u201c hat der Frauenverein Roza in Amed (Diyarbakir) Anfang August z.B. einen \u201eLila-Protestkorso\u201c gegen M\u00e4nnergewalt im Verkehr veranstaltet.<\/p>\n\n\n\n<p>Dass jetzt die Stadtverwaltungen nach nur f\u00fcnf Monaten wieder unter Zwangsverwaltung gestellt werden und \u00fcber 413 Aktivist*innen festgenommen wurden, ist wieder ein patriarchaler Angriff der AKP-Regierung. Gleichzeitig plant Erdogan Angriffe auf das selbstverwaltete Rojava und bombardiert S\u00fcdkurdistan! Dies soll auch von dem Zerfall des Regierungsb\u00fcndnisses ablenken.<\/p>\n\n\n\n<p>Wir sind entsetzt \u2013 und fordern ein Ende der Zusammenarbeit mit der faschistischen AKP-Regierung!<\/p>\n\n\n\n<p>Solidarische, feministische Gr\u00fc\u00dfe an die HDP und unsere Schwestern. Wir w\u00fcnschen Euch viel Kraft!<\/p>\n\n\n\n<p>Und wir sagen: \u201eGemeinsam k\u00e4mpfen f\u00fcr Selbstbestimmung und demokratische Autonomie\u201c, wo immer wir leben!\u201c<\/p>\n","protected":false},"excerpt":{"rendered":"<p>20.8.2019 Im Rahmen einer Veranstaltung der Hamburger Lokalen wurde eine Solidarit\u00e4tserkl\u00e4rung zur tags zuvor in der T\u00fcrkei stattfindenden Absetzung der HDP-B\u00fcrgermeister*innen in Amed, M\u00eard\u00een und Wan sowie zu den Massenverhaftungen verlesen: \u201eWir sind hier heute auf der Veranstaltung der feministischen Kampagne \u201eGemeinsam k\u00e4mpfen f\u00fcr Selbstbestimmung und demokratische Autonomie zum Thema \u201eEurop\u00e4ischen Hexenverfolgung und das kapitalistische [&hellip;]<\/p>\n","protected":false},"author":1,"featured_media":687,"comment_status":"open","ping_status":"open","sticky":false,"template":"","format":"standard","meta":{"om_disable_all_campaigns":false,"_monsterinsights_skip_tracking":false,"_monsterinsights_sitenote_active":false,"_monsterinsights_sitenote_note":"","_monsterinsights_sitenote_category":0,"footnotes":""},"categories":[1],"tags":[],"class_list":["post-674","post","type-post","status-publish","format-standard","has-post-thumbnail","hentry","category-aktuelles"],"aioseo_notices":[],"_links":{"self":[{"href":"https:\/\/gemeinsam-kaempfen.de\/index.php?rest_route=\/wp\/v2\/posts\/674","targetHints":{"allow":["GET"]}}],"collection":[{"href":"https:\/\/gemeinsam-kaempfen.de\/index.php?rest_route=\/wp\/v2\/posts"}],"about":[{"href":"https:\/\/gemeinsam-kaempfen.de\/index.php?rest_route=\/wp\/v2\/types\/post"}],"author":[{"embeddable":true,"href":"https:\/\/gemeinsam-kaempfen.de\/index.php?rest_route=\/wp\/v2\/users\/1"}],"replies":[{"embeddable":true,"href":"https:\/\/gemeinsam-kaempfen.de\/index.php?rest_route=%2Fwp%2Fv2%2Fcomments&post=674"}],"version-history":[{"count":1,"href":"https:\/\/gemeinsam-kaempfen.de\/index.php?rest_route=\/wp\/v2\/posts\/674\/revisions"}],"predecessor-version":[{"id":692,"href":"https:\/\/gemeinsam-kaempfen.de\/index.php?rest_route=\/wp\/v2\/posts\/674\/revisions\/692"}],"wp:featuredmedia":[{"embeddable":true,"href":"https:\/\/gemeinsam-kaempfen.de\/index.php?rest_route=\/wp\/v2\/media\/687"}],"wp:attachment":[{"href":"https:\/\/gemeinsam-kaempfen.de\/index.php?rest_route=%2Fwp%2Fv2%2Fmedia&parent=674"}],"wp:term":[{"taxonomy":"category","embeddable":true,"href":"https:\/\/gemeinsam-kaempfen.de\/index.php?rest_route=%2Fwp%2Fv2%2Fcategories&post=674"},{"taxonomy":"post_tag","embeddable":true,"href":"https:\/\/gemeinsam-kaempfen.de\/index.php?rest_route=%2Fwp%2Fv2%2Ftags&post=674"}],"curies":[{"name":"wp","href":"https:\/\/api.w.org\/{rel}","templated":true}]}}