{"id":702,"date":"2022-08-24T12:42:13","date_gmt":"2022-08-24T10:42:13","guid":{"rendered":"https:\/\/gemeinsam-kaempfen.de\/?p=702"},"modified":"2022-08-24T12:42:13","modified_gmt":"2022-08-24T10:42:13","slug":"gemeinsam-leben-streiten-blockieren-und-aufbauen-gemeinsam-kaempfen","status":"publish","type":"post","link":"https:\/\/gemeinsam-kaempfen.de\/?p=702","title":{"rendered":"Gemeinsam leben, streiten, blockieren und aufbauen, gemeinsam k\u00e4mpfen&#8230;"},"content":{"rendered":"\n<p><em>Feministischer Aufruf zum \u201eRheinmetall Entwaffnen\u201c-Camp vom 1.-9. September 2019 in Unterl\u00fc\u00df bei Celle<\/em><\/p>\n\n\n\n<p>Krieg ist ein patriarchales Instrument der Herrschenden und als solches richtet er sich in erster Linie gegen Frauen*. Im kapitalistischen Patriarchat verlieren alle Menschen, Tiere, die Natur, unser Planet. Diejenigen, die davon am st\u00e4rksten betroffen sind, sind Frauen, Lesben, Trans*, Inter* und nicht-bin\u00e4re Menschen, da Kriegsf\u00fchrung immer von denjenigen ausgeht, die f\u00fcrchten ihre Macht zu verlieren.<\/p>\n\n\n\n<p>Kriege bedeuten Flucht, Vertreibung, Mord, Folter, Umweltzerst\u00f6rung, Versklavung und Zerst\u00f6rung. Obwohl diese Folgen so offensichtlich unethisch sind, gibt es zu viele Menschen und Strukturen, die hiervon profitieren.<\/p>\n\n\n\n<p>Die Staaten in denen wir leben beginnen Kriege, unterst\u00fctzen Vernichtungsz\u00fcge anderer, liefern Waffen und schauen zu, weil es ihren \u00f6knonomischen Interessen dient.<\/p>\n\n\n\n<p>Die Frauen* der Welt sind in der Mehrzahl Verlierer*innen dieser \u201ePolitik\u201c. Und so haben wir auch ein besonderes Interesse, diese Kriege zu beenden und der Attraktivit\u00e4t von Vernichtungsz\u00fcgen eine solidarische, \u00f6kologische und geschlechterbefreite Gesellschaft entgegen zu stellen.<\/p>\n\n\n\n<p>Die Frauen der Freiheitsbewegung Kurdistans und in der Demokratischen F\u00f6deration Nordsyrien haben in einer von dauerhaftem Krieg betroffenen Region ihre eigenen Wege gefunden sich den Interessen des kapitalistischen Patriarchats zu widersetzen. Sie bauen seit vielen Jahren ihre eigenen Strukturen auf und verbinden sich darin mit Menschen und Bewegungen weltweit, die ebenfalls keinen Grund (mehr) haben auf Staaten, Regierungen und die \u201eWeltgemeinschaft\u201c zu vertrauen.<\/p>\n\n\n\n<p>Diese Region ist ein Dorn im Auge aller systemischen Kr\u00e4fte. Sie passt nicht in die herrschende Logik, denn sie bricht mit der patriarchalen Logik, sie nimmt das Leben und die Zukunft in die eigenen H\u00e4nde.<\/p>\n\n\n\n<p>Bereits im letzten Jahr wurde der Kanton Afrin von der t\u00fcrkischen Armee angegriffen und besetzt. Dort wurden auch Panzer aus der Produktion von Rheinmetall eingesetzt. Im Jemen kamen diese Waffen ebenfalls zum Einsatz und die Folgen der Hungerkatastrophe dort treffen auch vor allem diejenigen, die sich um die Ern\u00e4hrung der Gesellschaft k\u00fcmmern; die Frauen.<\/p>\n\n\n\n<p>Es gibt also genug Gr\u00fcnde, warum wir als Frauen* nicht einverstanden sind, mit dem was in Unterl\u00fc\u00df geschieht. Wir wollen beim Camp und der Demo am 7. September ein starkes Zeichen gegen Gewalt und Krieg und ein Zeichen f\u00fcr eine basisdemokratische, eine \u00f6kologisch gerechte und eine feministische Gesellschaft setzen.<\/p>\n\n\n\n<p>Wir sagen: Der antimilitaristische Kampf, das Streben nach Frieden ist ein feministischer Kampf. Nicht, weil das unserer \u201eNatur\u201c entspricht, sondern weil wir die Folgen sp\u00fcren, weil wir in Solidarit\u00e4t mit allen Frauen weltweit stehen wollen und weil die K\u00e4mpfe der Zapatistas in Mexiko, der Frauen in Nordostsyrien und Kurdistan, der Trans-Menschen in Brasilien und der N\u00e4herinnen in Bangladesch unsere K\u00e4mpfe sind.<\/p>\n\n\n\n<p>Rheinmetall wirkt international, wir tun es auch.<br>Im Camp in Unterl\u00fc\u00df wollen wir gemeinsam leben, gemeinsam streiten, gemeinsam blockieren, gemeinsam aufbauen und gemeinsam k\u00e4mpfen&#8230;<\/p>\n\n\n\n<p>F\u00fcr den Feminismus, f\u00fcr die weltweite feministische Organisierung!<\/p>\n\n\n\n<p>Kommt mit uns nach Anfang September nach Unterl\u00fc\u00df!<\/p>\n\n\n\n<p>\u201eGemeinsam k\u00e4mpfen\u201c &#8211; F\u00fcr Selbstbestimmung und demokratische Autonomie<\/p>\n\n\n\n<p><em>#gemeinsamk\u00e4mpfen<\/em><\/p>\n\n\n\n<p><a href=\"https:\/\/rheinmetallentwaffnen.noblogs.org\/\">https:\/\/rheinmetallentwaffnen.noblogs.org\/<\/a><\/p>\n","protected":false},"excerpt":{"rendered":"<p>Feministischer Aufruf zum \u201eRheinmetall Entwaffnen\u201c-Camp vom 1.-9. September 2019 in Unterl\u00fc\u00df bei Celle Krieg ist ein patriarchales Instrument der Herrschenden und als solches richtet er sich in erster Linie gegen Frauen*. Im kapitalistischen Patriarchat verlieren alle Menschen, Tiere, die Natur, unser Planet. Diejenigen, die davon am st\u00e4rksten betroffen sind, sind Frauen, Lesben, Trans*, Inter* und [&hellip;]<\/p>\n","protected":false},"author":1,"featured_media":0,"comment_status":"open","ping_status":"open","sticky":false,"template":"","format":"standard","meta":{"om_disable_all_campaigns":false,"_monsterinsights_skip_tracking":false,"_monsterinsights_sitenote_active":false,"_monsterinsights_sitenote_note":"","_monsterinsights_sitenote_category":0,"footnotes":""},"categories":[1],"tags":[],"class_list":["post-702","post","type-post","status-publish","format-standard","hentry","category-aktuelles"],"aioseo_notices":[],"_links":{"self":[{"href":"https:\/\/gemeinsam-kaempfen.de\/index.php?rest_route=\/wp\/v2\/posts\/702","targetHints":{"allow":["GET"]}}],"collection":[{"href":"https:\/\/gemeinsam-kaempfen.de\/index.php?rest_route=\/wp\/v2\/posts"}],"about":[{"href":"https:\/\/gemeinsam-kaempfen.de\/index.php?rest_route=\/wp\/v2\/types\/post"}],"author":[{"embeddable":true,"href":"https:\/\/gemeinsam-kaempfen.de\/index.php?rest_route=\/wp\/v2\/users\/1"}],"replies":[{"embeddable":true,"href":"https:\/\/gemeinsam-kaempfen.de\/index.php?rest_route=%2Fwp%2Fv2%2Fcomments&post=702"}],"version-history":[{"count":1,"href":"https:\/\/gemeinsam-kaempfen.de\/index.php?rest_route=\/wp\/v2\/posts\/702\/revisions"}],"predecessor-version":[{"id":703,"href":"https:\/\/gemeinsam-kaempfen.de\/index.php?rest_route=\/wp\/v2\/posts\/702\/revisions\/703"}],"wp:attachment":[{"href":"https:\/\/gemeinsam-kaempfen.de\/index.php?rest_route=%2Fwp%2Fv2%2Fmedia&parent=702"}],"wp:term":[{"taxonomy":"category","embeddable":true,"href":"https:\/\/gemeinsam-kaempfen.de\/index.php?rest_route=%2Fwp%2Fv2%2Fcategories&post=702"},{"taxonomy":"post_tag","embeddable":true,"href":"https:\/\/gemeinsam-kaempfen.de\/index.php?rest_route=%2Fwp%2Fv2%2Ftags&post=702"}],"curies":[{"name":"wp","href":"https:\/\/api.w.org\/{rel}","templated":true}]}}