{"id":708,"date":"2022-08-24T12:47:10","date_gmt":"2022-08-24T10:47:10","guid":{"rendered":"https:\/\/gemeinsam-kaempfen.de\/?p=708"},"modified":"2022-08-24T12:47:10","modified_gmt":"2022-08-24T10:47:10","slug":"unterstuetzungserklaerung-zur-kampagne-womendefendrojava","status":"publish","type":"post","link":"https:\/\/gemeinsam-kaempfen.de\/?p=708","title":{"rendered":"Unterst\u00fctzungserkl\u00e4rung zur Kampagne #WomenDefendRojava"},"content":{"rendered":"\n<p><\/p>\n\n\n\n<p>07.09.2019<\/p>\n\n\n\n<p><\/p>\n\n\n\n<p>Wir m\u00f6chten hier auf dem \u201eRheinmetall Entwaffnen\u201c &#8211; Camp im Rahmen der internationalen Aktionstage f\u00fcr Rojava, welche am 6. und 7. September stattfinden, ein starkes feministisches Zeichen setzen. Als feministische Kampagne \u201eGemeinsam k\u00e4mpfen! F\u00fcr Selbstbestimmung und Demokratische Autonomie\u201c beteiligten wir uns an den erfolgreichen Blockade-Aktionen des Hauptwerkes des R\u00fcstungsunternehmens Rheinmetall. Auch die geplante Demonstration am Samstag wird einen feministischen Schwerpunkt haben. Damit wollen wir die Betroffenheit von Frauen und queeren Menschen in Kriegen in den Vordergrund stellen.<\/p>\n\n\n\n<p>Rheinmetall produziert unter anderem hier im nieders\u00e4chsischen Unterl\u00fc\u00df Panzerteile und Munition und ist somit ma\u00dfgeblich an weltweiten Kriegen beteiligt. So produzierte das Unternehmen auch Panzerteile und Munition f\u00fcr den Leopard 2 Panzer, welcher bei der Besatzung der nordsyrischen Region Afr\u00een zum Einsatz kam. Seit M\u00e4rz 2018 h\u00e4lt die t\u00fcrkische NATO &#8211; Armee mit einem v\u00f6lkerrechtswidrigen, blutigen Angriffskrieg die mehrheitlich kurdische Region besetzt. Dieser Krieg kostete mehrere tausend Menschen das Leben, weitere zehntausende wurden vertrieben und eine islamistische Terrorherrschaft in Afr\u00een installiert. Vor der Besatzung war Afr\u00een ein basisdemokratisch verwaltetes Gebiet mit starken Frauenstrukturen, als Teil der Demokratischen F\u00f6deration Nord- und Ostsyrien. Heute ist es Frauen in Afr\u00een verboten ohne schwarze Verh\u00fcllung und m\u00e4nnliche Begleitung das Haus zu verlassen. Pl\u00fcnderungen, Verschleppungen und sexualisierte Angriffe durch die jihadistischen S\u00f6ldner der T\u00fcrkei sind nun Alltag in Afr\u00een.<\/p>\n\n\n\n<p>Seit 7 Jahren wird in Nordostsyrien ein Gesellschaftsmodell unter basisdemokratischen, \u00f6kologischen und geschlechter-gleichberechtigten Prinzipien aufgebaut und verteidigt. Dabei spielt die Befreiung der Frau eine zentrale Rolle. Die Frauen in der Demokratischen F\u00f6deration Nord- und Ostsyrien haben in einer von dauerhaftem Krieg betroffenen Region ihre eigenen Wege gefunden sich den Interessen des kapitalistischen Patriarchats zu widersetzen. Sie bauen seit vielen Jahren ihre eigenen Strukturen auf und verbinden sich darin mit Menschen und Bewegungen aus aller Welt. Das ist ein konkreter Beitrag zum weltweiten antikapitalistischen und antimilitaristische Kampf, also dem feministischen Kampf.<\/p>\n\n\n\n<p>Auf Grundlage des positiven Bezugspunkts zu Rojava und dem Aufbau des Demokratischen Konf\u00f6deralismus solidarisieren wir uns mit k\u00e4mpfenden Frauen* weltweit und stellen uns k\u00e4mpferisch gegen Ausbeutung und Krieg.<\/p>\n\n\n\n<p>Wir betrachten uns als Teil der Kampagne #WomenDefendRojava und werden sie in den kommenden Wochen und Monaten begleiten, denn: Die Frauenrevolution in Nordostsyrien zu verteidigen hei\u00dft ein freies Leben f\u00fcr uns alle zu verteidigen und zu erk\u00e4mpfen \u2013 im Mittleren Osten und \u00fcberall.<\/p>\n","protected":false},"excerpt":{"rendered":"<p>07.09.2019 Wir m\u00f6chten hier auf dem \u201eRheinmetall Entwaffnen\u201c &#8211; Camp im Rahmen der internationalen Aktionstage f\u00fcr Rojava, welche am 6. und 7. September stattfinden, ein starkes feministisches Zeichen setzen. Als feministische Kampagne \u201eGemeinsam k\u00e4mpfen! F\u00fcr Selbstbestimmung und Demokratische Autonomie\u201c beteiligten wir uns an den erfolgreichen Blockade-Aktionen des Hauptwerkes des R\u00fcstungsunternehmens Rheinmetall. Auch die geplante Demonstration [&hellip;]<\/p>\n","protected":false},"author":1,"featured_media":0,"comment_status":"open","ping_status":"open","sticky":false,"template":"","format":"standard","meta":{"om_disable_all_campaigns":false,"_monsterinsights_skip_tracking":false,"_monsterinsights_sitenote_active":false,"_monsterinsights_sitenote_note":"","_monsterinsights_sitenote_category":0,"footnotes":""},"categories":[1],"tags":[],"class_list":["post-708","post","type-post","status-publish","format-standard","hentry","category-aktuelles"],"aioseo_notices":[],"_links":{"self":[{"href":"https:\/\/gemeinsam-kaempfen.de\/index.php?rest_route=\/wp\/v2\/posts\/708","targetHints":{"allow":["GET"]}}],"collection":[{"href":"https:\/\/gemeinsam-kaempfen.de\/index.php?rest_route=\/wp\/v2\/posts"}],"about":[{"href":"https:\/\/gemeinsam-kaempfen.de\/index.php?rest_route=\/wp\/v2\/types\/post"}],"author":[{"embeddable":true,"href":"https:\/\/gemeinsam-kaempfen.de\/index.php?rest_route=\/wp\/v2\/users\/1"}],"replies":[{"embeddable":true,"href":"https:\/\/gemeinsam-kaempfen.de\/index.php?rest_route=%2Fwp%2Fv2%2Fcomments&post=708"}],"version-history":[{"count":1,"href":"https:\/\/gemeinsam-kaempfen.de\/index.php?rest_route=\/wp\/v2\/posts\/708\/revisions"}],"predecessor-version":[{"id":709,"href":"https:\/\/gemeinsam-kaempfen.de\/index.php?rest_route=\/wp\/v2\/posts\/708\/revisions\/709"}],"wp:attachment":[{"href":"https:\/\/gemeinsam-kaempfen.de\/index.php?rest_route=%2Fwp%2Fv2%2Fmedia&parent=708"}],"wp:term":[{"taxonomy":"category","embeddable":true,"href":"https:\/\/gemeinsam-kaempfen.de\/index.php?rest_route=%2Fwp%2Fv2%2Fcategories&post=708"},{"taxonomy":"post_tag","embeddable":true,"href":"https:\/\/gemeinsam-kaempfen.de\/index.php?rest_route=%2Fwp%2Fv2%2Ftags&post=708"}],"curies":[{"name":"wp","href":"https:\/\/api.w.org\/{rel}","templated":true}]}}