{"id":712,"date":"2022-08-24T12:52:32","date_gmt":"2022-08-24T10:52:32","guid":{"rendered":"https:\/\/gemeinsam-kaempfen.de\/?p=712"},"modified":"2022-08-24T12:52:32","modified_gmt":"2022-08-24T10:52:32","slug":"kongreya-star-die-frauenrevolution-verteidigen","status":"publish","type":"post","link":"https:\/\/gemeinsam-kaempfen.de\/?p=712","title":{"rendered":"Kongreya Star: Die Frauenrevolution verteidigen!"},"content":{"rendered":"\n<p><\/p>\n\n\n\n<p>10.10.2019<\/p>\n\n\n\n<p><\/p>\n\n\n\n<p>Der kurdische Frauendachverband in Rojava, Kongreya Star, hat sich zur begonnen Invasion der T\u00fcrkei in Nordsyrien ge\u00e4u\u00dfert und ruft alle Frauen der Welt auf, ihre Stimmen und Aktionen zu vereinen und gemeinsam zu k\u00e4mpfen.<\/p>\n\n\n\n<figure class=\"wp-block-image size-full is-resized\"><img fetchpriority=\"high\" decoding=\"async\" src=\"https:\/\/gemeinsam-kaempfen.de\/wp-content\/uploads\/2022\/08\/Kongreya_Star_Logo.png\" alt=\"\" class=\"wp-image-713\" width=\"523\" height=\"342\"\/><\/figure>\n\n\n\n<p>An die \u00d6ffentlichkeit und die Frauen weltweit<\/p>\n\n\n\n<p>Am 9. Oktober 2019 begann um 16:20 Uhr die t\u00fcrkische Luftwaffe mit der Bombardierung des Dorfes Mi\u015frefa bei Serekan\u00eeye. Dies war der Beginn des lang angek\u00fcndigten Besatzungskriegs der T\u00fcrkei gegen Rojava und Nord-Ost-Syrien. Kurze Zeit sp\u00e4ter wurden D\u00f6rfer in Eyn Isa, Gir\u00ea Sp\u00ee, Qami\u015flo, Tirbesp\u00ee und Dirbesiye angegriffen. Noch haben wir keine Informationen \u00fcber Tote und Verwundete. Mit jedem Moment, in dem wir jedoch unt\u00e4tig bleiben, wird sich die Anzahl der Toten und Verwundeten vermehren. Die t\u00fcrkische Armee greift mit Luftwaffe, Panzern und Artillerie Siedlungen im 460 km langen Grenzstreifen zwischen Derik und Gir\u00ea Sp\u00ee an. Es wird davon berichtet, dass die T\u00fcrkei an einigen Stellen begonnen hat, die von ihr errichtete Grenzmauer zu demontieren, um Truppen von faschistischen Jihadisten f\u00fcr den Bodenkampf nach Rojava zu schicken. Aufgrund des entschlossenen Widerstands der Demokratischen Kr\u00e4fte Syriens SDF konnten diese Versuche bisher zur\u00fcckgeschla\u00adgen werden.<\/p>\n\n\n\n<p>Der t\u00fcrkische Staat hatte versucht, unter den Vorw\u00e4nden von \u201eSicherheitsbedenken im Grenzgebiet\u201d und der \u201eR\u00fcckf\u00fchrung von Fl\u00fcchtlingen aus Syrien\u201d um internationale Unterst\u00fctzung f\u00fcr ihren Angriffskrieg zu wer\u00adben. Heute ist nochmals offensichtlich geworden, dass dieser Krieg mit dem Ziel \u201eethnischer S\u00e4uberungen\u201d durchgef\u00fchrt wird. KurdInnen und die verschiedenen Glaubensgruppen und Kulturen, die in diesem Land leben, sollen vertrieben oder ausgel\u00f6scht werden, um hier von der T\u00fcrkei unterst\u00fctzte Jihadisten anzusiedeln.<\/p>\n\n\n\n<p>Es ist bezeichnend, dass dieser Besatzungskrieg am 20. Jahrestages des internationalen Komplotts gegen Ab\u00addullah \u00d6calan begonnen wurde. Schon damals hatte die t\u00fcrkische Armee f\u00fcr ihren Einmarsch in Syrien ein Gro\u00dfaufgebot an der Grenze zusammengezogen. Damals sollte die Anwesenheit des PKK-Vorsitzenden in Syrien als Kriegsgrund benutzt werden. Jedoch konnte Abdullah \u00d6calan dies damals verhindern, da er sich mit dem Anliegen eine politische L\u00f6sung zu erreichen, nach Europa begab. Diese Bem\u00fchungen wurden von Ge\u00adheimdiensten und Regierungen westlicher Staaten dadurch verhindert, dass Abdullah \u00d6calan entf\u00fchrt und an die T\u00fcrkei ausgeliefert wurde. Seit \u00fcber 20 Jahren bem\u00fcht er sich unter Isolationshaft weiter f\u00fcr eine politische L\u00f6sung.<\/p>\n\n\n\n<p>In Nord- und Ostsyrien gehen Frauen seit Monaten unter dem Motto \u201eVerteidigen wir unsere W\u00fcrde und unser Land gegen Besatzung und den IS\u201d auf die Stra\u00dfe. Die Werte, die vom t\u00fcrkischen Staat angegriffenen werden, sind Werte, die durch den Frauenkampf erschaffen wurden. Diese Werte wurden von zahlreichen Gefallenen erschaffen, die ihr Leben im Kampf gegen den IS im Namen der Menschheit und der Frauenbefreiung gegeben haben. Aufbauend auf diesen Kampf wurde in Nord- und Ostsyrien eine Insel der Freiheit geschaffen, die zur Hoffnung f\u00fcr die Region, f\u00fcr ganz Syrien und alle Frauen der Welt geworden ist. Der t\u00fcrkische Staat greift nun die Frauen an, die diese Freiheit aufgebaut haben. Dies tut er mit einer tausendj\u00e4hrigen patriarchalen Mental\u00adit\u00e4t, die Frauen ausschlie\u00dflich in die Rollen von Ehefrauen, Sexualobjekte oder Sklavinnen dr\u00e4ngt. Ziel ist es, eine freie Gesellschaft zu zerst\u00f6ren, die nur mit der Freiheit der Frau entwickelt werden kann.<\/p>\n\n\n\n<p>Aus diesen Gr\u00fcnden rufen wir alle Frauen weltweit dazu auf, die Frauenrevolution zu verteidigen und zu er\u00adweitern. Wir rufen weltweit dazu auf, im Rahmen der Kampagne \u201e<a href=\"https:\/\/womendefendrojava.net\/de\/\" target=\"_blank\" rel=\"noreferrer noopener\">Women Defend Rojava<\/a>\u201d \u00fcberall aktiv zu werden. Die faschistischen Angriffe des t\u00fcrkischen Staat sprengen die Hoffnungen auf einen demokratischen Mittleren Osten. Gleichzeitig versucht er, den Mittleren Osten daran zu hindern, sein revolution\u00e4res Potenzial zu entfalten. Aus diesem Grund rufen wir alle demokratischen, sozialistischen, revolution\u00e4ren, feministischen, anarchistischen und \u00f6kologischen Bewegungen im Mittleren Osten, in Europa, Lateinamerika, den USA, Asien, Afrika und auf der ganzen Welt auf, den vom t\u00fcrkischen Staat aufgezwungenen Faschismus mit Wid\u00aderstand zu begegnen. Wir rufen all diejenigen, die die Menschheit verteidigen, auf, sich zu erheben und sich unserem Widerstand anzuschlie\u00dfen. Lasst und die Invasion und die v\u00f6lkerm\u00f6rderische Operation zu stoppen, die der faschistische t\u00fcrkischen Staat mit Unterst\u00fctzung und Zustimmung der hegemonialen Kr\u00e4fte der Welt gegen uns gestartet hat.<\/p>\n\n\n\n<p>Die Erinnerungen und Werte, die von Frauen in Revolutionen und antifaschistischen Widerst\u00e4nden in Spanien, Pal\u00e4stina, Russland, Vietnam, China, Kuba, Algerien, Mexiko und unz\u00e4hligen anderen L\u00e4ndern beteiligt war\u00aden, wurden zum Leben erweckt, als die YPJ-K\u00e4mpferinnen den IS-Faschismus in Koban\u00ea besiegten. In Afrin leisteten Frauen ebenfalls genau f\u00fcr die gleichen Werte bis zum Ende Widerstand. Heute kann der gemeinsame Widerstand von Frauen und V\u00f6lkern der Welt den faschistischen t\u00fcrkischen Staat stoppen. Wir fordern alle Frauen der Welt auf, unsere Stimmen und Aktionen zu vereinen und gemeinsam zu k\u00e4mpfen.<\/p>\n\n\n\n<p>Wir fordern alle AntifaschistInnen auf, ihre Aktionen zu verst\u00e4rken. Lasst uns auch Druck auf die UNO- und NATO-Staaten aus\u00fcben, damit die Besetzung in Nord- und Ostsyriens und ein V\u00f6lkermord an den KurdInnen aufh\u00f6rt. Wir fordern au\u00dferdem alle PolitikerInnen und Institutionen auf sich gegen die Angriffe einzusetzen.<\/p>\n\n\n\n<p>Wir fordern den UN-Sicherheitsrat, der am 10.10.2019 zusammentreten wird, auf, diese schmutzigen und v\u00f6lkerm\u00f6rderischen Angriffe einzustellen. Wir rufen Frauen auf der ganzen Welt auf, sich zu erheben, um ihren Stimmen im UN-Sicherheitsrat Geh\u00f6r zu verschaffen.<\/p>\n","protected":false},"excerpt":{"rendered":"<p>10.10.2019 Der kurdische Frauendachverband in Rojava, Kongreya Star, hat sich zur begonnen Invasion der T\u00fcrkei in Nordsyrien ge\u00e4u\u00dfert und ruft alle Frauen der Welt auf, ihre Stimmen und Aktionen zu vereinen und gemeinsam zu k\u00e4mpfen. An die \u00d6ffentlichkeit und die Frauen weltweit Am 9. Oktober 2019 begann um 16:20 Uhr die t\u00fcrkische Luftwaffe mit der [&hellip;]<\/p>\n","protected":false},"author":1,"featured_media":0,"comment_status":"open","ping_status":"open","sticky":false,"template":"","format":"standard","meta":{"om_disable_all_campaigns":false,"_monsterinsights_skip_tracking":false,"_monsterinsights_sitenote_active":false,"_monsterinsights_sitenote_note":"","_monsterinsights_sitenote_category":0,"footnotes":""},"categories":[1],"tags":[],"class_list":["post-712","post","type-post","status-publish","format-standard","hentry","category-aktuelles"],"aioseo_notices":[],"_links":{"self":[{"href":"https:\/\/gemeinsam-kaempfen.de\/index.php?rest_route=\/wp\/v2\/posts\/712","targetHints":{"allow":["GET"]}}],"collection":[{"href":"https:\/\/gemeinsam-kaempfen.de\/index.php?rest_route=\/wp\/v2\/posts"}],"about":[{"href":"https:\/\/gemeinsam-kaempfen.de\/index.php?rest_route=\/wp\/v2\/types\/post"}],"author":[{"embeddable":true,"href":"https:\/\/gemeinsam-kaempfen.de\/index.php?rest_route=\/wp\/v2\/users\/1"}],"replies":[{"embeddable":true,"href":"https:\/\/gemeinsam-kaempfen.de\/index.php?rest_route=%2Fwp%2Fv2%2Fcomments&post=712"}],"version-history":[{"count":1,"href":"https:\/\/gemeinsam-kaempfen.de\/index.php?rest_route=\/wp\/v2\/posts\/712\/revisions"}],"predecessor-version":[{"id":714,"href":"https:\/\/gemeinsam-kaempfen.de\/index.php?rest_route=\/wp\/v2\/posts\/712\/revisions\/714"}],"wp:attachment":[{"href":"https:\/\/gemeinsam-kaempfen.de\/index.php?rest_route=%2Fwp%2Fv2%2Fmedia&parent=712"}],"wp:term":[{"taxonomy":"category","embeddable":true,"href":"https:\/\/gemeinsam-kaempfen.de\/index.php?rest_route=%2Fwp%2Fv2%2Fcategories&post=712"},{"taxonomy":"post_tag","embeddable":true,"href":"https:\/\/gemeinsam-kaempfen.de\/index.php?rest_route=%2Fwp%2Fv2%2Ftags&post=712"}],"curies":[{"name":"wp","href":"https:\/\/api.w.org\/{rel}","templated":true}]}}