{"id":717,"date":"2022-08-24T12:56:03","date_gmt":"2022-08-24T10:56:03","guid":{"rendered":"https:\/\/gemeinsam-kaempfen.de\/?p=717"},"modified":"2022-08-24T12:56:03","modified_gmt":"2022-08-24T10:56:03","slug":"aufruf-zur-flintdemo-am-25-11-2019-in-hamburg","status":"publish","type":"post","link":"https:\/\/gemeinsam-kaempfen.de\/?p=717","title":{"rendered":"Aufruf zur FLINT*Demo am 25.11.2019 in Hamburg"},"content":{"rendered":"\n<p><\/p>\n\n\n\n<p>21.11.2019<\/p>\n\n\n\n<p><\/p>\n\n\n\n<p>Am 25.11 ist der \u201eInternationale Tag zur Beseitigung von Gewalt gegen Frauen*\u201c, auch dieses Jahr werden wir wieder als Frauen, Lesben und Trans-, Non-Binary- und Inter-Personen* (= FLINT*) unsere Wut auf die Stra\u00dfe tragen. Wir rufen dazu auf, euch an diesem Tag um <strong>17.00<\/strong> <strong>Uhr<\/strong> (Auftaktkundgebung Altonaer Bahnhof, Seite: Neue Gro\u00dfe Bergstra\u00dfe) an der Demonstration \u201e<strong>Gewalt gegen Frauen* ist politisch! #keinemehr<\/strong>\u201c zu beteiligen.<\/p>\n\n\n\n<p>Geschlechterbasierte Gewalt wird in verschiedensten Formen \u00fcberall auf der Welt ausge\u00fcbt. Wie zum Beispiel durch Zwangsheirat, Missbrauch (emotional, mental, physisch-sexuell), Vergewaltigung und vieles weitere mehr. Dies alles bewegt uns, an diesem Tag auf die Stra\u00dfe zu gehen.<\/p>\n\n\n\n<p>Ebenso handelt es sich um Gewalt, die sich nicht zwischen Menschen ausdr\u00fcckt, sondern \u00f6konomische, soziale, politische, staatliche und reproduktive Unsicherheiten umfasst. Diese strukturelle Gewalt bleibt oft unsichtbar. Durch Vereinzelung und Konkurrenz, die unseren Alltag pr\u00e4gen, werden Gewalterfahrungen zu Einzelschicksalen, stattdessen sollte das Patriarchat als System der Gewalt, welches uns alle betrifft, erkannt werden.<\/p>\n\n\n\n<p>Es darf nicht sein, dass so viel Leid und Ungerechtigkeit einfach hingenommen werden. Deshalb wollen wir laut sein, um die Aufmerksamkeit auf diese Thematik zu lenken, uns gegenseitig st\u00e4rken und gemeinsam k\u00e4mpfen.<\/p>\n\n\n\n<p>Dieses Jahr wollen wir den Fokus auf die andauernden Feminizide weltweit legen.<br>Jeden Tag sind Frauen, Lesben, und Trans-, Non-Binary- und Inter-Personen* gewaltt\u00e4tigen \u00dcbergriffen bis hin zur T\u00f6tung ausgesetzt. Auch in Deutschland finden diese grausamen Taten regelm\u00e4\u00dfig statt.<\/p>\n\n\n\n<p>FLINT* sind aufgrund ihres Geschlechts einem gesellschaftlich h\u00f6herem Risiko ausgesetzt, Gewalt zu erfahren \u2013 auf allen Ebenen, sowohl individuell als auch strukturell.<\/p>\n\n\n\n<p>Feminizid als Beziehungsdrama oder privates Eheproblem \u2013 wie es in der Presse oft hei\u00dft \u2013 zu betiteln, verschleiert die strukturelle Gewalt gegen FLINT*. Jegliche Gewalt gegen FLINT* wird auf diese Weise relativiert. Das verharmlost die Taten und sch\u00fctzt die T\u00e4ter!<\/p>\n\n\n\n<p>Morde an FLINT* sind politisch motivierte Taten und m\u00fcssen als das benannt werden was sie sind: Feminizide.<\/p>\n\n\n\n<p>Ein konkretes Beispiel ist der Angriffskrieg der T\u00fcrkei gegen die Selbstverwaltung in Nord-Ostsyrien, in der Frauen* sich selbst organisieren und aus den patriarchalen Strukturen befreien. Wir bewerten diesen Krieg als expliziten Angriff gegen Frauen* und feministische Errungenschaften und damit als massenhaften Feminizid. Auch dagegen erheben wir an diesem Tag unsere Stimme. Denn die Gewalt an diesen Frauen* bis hin zu ihrer T\u00f6tung, bedeutet Gewalt gegen alle Feminist*innen weltweit.<\/p>\n\n\n\n<p>Lasst uns deshalb an diesem Tag zusammen auf die Stra\u00dfe gehen, laut sein, uns austauschen und vernetzen. Wir freuen uns \u00fcber eine k\u00e4mpferische und vielf\u00e4ltige Demonstration!<\/p>\n\n\n\n<p>Gemeinsam K\u00e4mpfen f\u00fcr demokratische Autonomie und Selbstbestimmung<br>Hamburg<\/p>\n","protected":false},"excerpt":{"rendered":"<p>21.11.2019 Am 25.11 ist der \u201eInternationale Tag zur Beseitigung von Gewalt gegen Frauen*\u201c, auch dieses Jahr werden wir wieder als Frauen, Lesben und Trans-, Non-Binary- und Inter-Personen* (= FLINT*) unsere Wut auf die Stra\u00dfe tragen. Wir rufen dazu auf, euch an diesem Tag um 17.00 Uhr (Auftaktkundgebung Altonaer Bahnhof, Seite: Neue Gro\u00dfe Bergstra\u00dfe) an der [&hellip;]<\/p>\n","protected":false},"author":1,"featured_media":0,"comment_status":"open","ping_status":"open","sticky":false,"template":"","format":"standard","meta":{"om_disable_all_campaigns":false,"_monsterinsights_skip_tracking":false,"_monsterinsights_sitenote_active":false,"_monsterinsights_sitenote_note":"","_monsterinsights_sitenote_category":0,"footnotes":""},"categories":[1],"tags":[],"class_list":["post-717","post","type-post","status-publish","format-standard","hentry","category-aktuelles"],"aioseo_notices":[],"_links":{"self":[{"href":"https:\/\/gemeinsam-kaempfen.de\/index.php?rest_route=\/wp\/v2\/posts\/717","targetHints":{"allow":["GET"]}}],"collection":[{"href":"https:\/\/gemeinsam-kaempfen.de\/index.php?rest_route=\/wp\/v2\/posts"}],"about":[{"href":"https:\/\/gemeinsam-kaempfen.de\/index.php?rest_route=\/wp\/v2\/types\/post"}],"author":[{"embeddable":true,"href":"https:\/\/gemeinsam-kaempfen.de\/index.php?rest_route=\/wp\/v2\/users\/1"}],"replies":[{"embeddable":true,"href":"https:\/\/gemeinsam-kaempfen.de\/index.php?rest_route=%2Fwp%2Fv2%2Fcomments&post=717"}],"version-history":[{"count":1,"href":"https:\/\/gemeinsam-kaempfen.de\/index.php?rest_route=\/wp\/v2\/posts\/717\/revisions"}],"predecessor-version":[{"id":718,"href":"https:\/\/gemeinsam-kaempfen.de\/index.php?rest_route=\/wp\/v2\/posts\/717\/revisions\/718"}],"wp:attachment":[{"href":"https:\/\/gemeinsam-kaempfen.de\/index.php?rest_route=%2Fwp%2Fv2%2Fmedia&parent=717"}],"wp:term":[{"taxonomy":"category","embeddable":true,"href":"https:\/\/gemeinsam-kaempfen.de\/index.php?rest_route=%2Fwp%2Fv2%2Fcategories&post=717"},{"taxonomy":"post_tag","embeddable":true,"href":"https:\/\/gemeinsam-kaempfen.de\/index.php?rest_route=%2Fwp%2Fv2%2Ftags&post=717"}],"curies":[{"name":"wp","href":"https:\/\/api.w.org\/{rel}","templated":true}]}}