{"id":723,"date":"2022-08-24T12:59:58","date_gmt":"2022-08-24T10:59:58","guid":{"rendered":"https:\/\/gemeinsam-kaempfen.de\/?p=723"},"modified":"2022-08-24T12:59:58","modified_gmt":"2022-08-24T10:59:58","slug":"die-freiheit-fuer-abdullah-oecalan-bedeutet-die-moeglichkeit-auf-frieden-in-kurdistan","status":"publish","type":"post","link":"https:\/\/gemeinsam-kaempfen.de\/?p=723","title":{"rendered":"Die Freiheit f\u00fcr Abdullah \u00d6calan bedeutet die M\u00f6glichkeit auf Frieden in Kurdistan"},"content":{"rendered":"\n<p><\/p>\n\n\n\n<p>15.02.2020<\/p>\n\n\n\n<p><\/p>\n\n\n\n<h2 class=\"wp-block-heading\">Gedanken zum 15. Februar 1999<\/h2>\n\n\n\n<p>Der 15. Februar 1999 markiert auch f\u00fcr uns als Feminist*innen ein wichtiges Datum. Denn das Komplott gegen Abdullah \u00d6calan bedeutet auch ein Komplott gegen eine Bewegung, f\u00fcr die die Freiheit der Frauen und der Kampf gegen ein kapitalistisch-patriarchales System zentral ist.<\/p>\n\n\n\n<p>Er ist Teil eines Verrates der Staaten an den Gesellschaften, der Machthaber an den Unterdr\u00fcckten, des Patriarchats an der Gleichheit aller Menschen.<\/p>\n\n\n\n<p>Die Inhaftierung und Isolierung \u00d6calans ist der Versuch Ideen zu verbannen, die den Herrschenden gef\u00e4hrlich werden. Denn wer von Freiheit redet, greift das Kapital an, wer von Gesellschaft redet, wendet sich gegen den Staat und wer von Frauenbefreiung redet, wendet sich gegen Unterdr\u00fcckung und Konkurrenz. Wer Freiheit will, gef\u00e4hrdet das System. Gut so! Und weiter so!<\/p>\n\n\n\n<p>Denn mit den Ideen Abdullah \u00d6calans, in denen sich die Ideen vieler anderer demokratischer, anarchistischer, sozialistischer, feministischer Denker*innen wieder finden, sind die selbstverwalteten Gebiete in den verschiedenen Teilen Kurdistans entstanden, die auf den Pr\u00e4missen Geschlechterbefreiung, \u00d6kologie und Selbstverwaltung basieren.<\/p>\n\n\n\n<p>Und so bedeutet die Freiheit f\u00fcr Abdullah \u00d6calan nicht nur die Freiheit f\u00fcr einen Menschen, einen Philosophen, der ohne fairen Prozess seit \u00fcber 20 Jahren in Isolationshaft festgehalten wird. Die Freiheit f\u00fcr Abdullah \u00d6calan ist auch die Voraussetzung f\u00fcr einen gelingenden Friedensprozess.<\/p>\n\n\n\n<p>Die PKK, deren Mitbegr\u00fcnder \u00d6calan ist, hat immer wieder einseitige Waffenstillst\u00e4nde ausgerufen &#8211; die Reaktion der verschiedenen t\u00fcrkischen Regierungen ist immer wieder Ablehnung, Angriff und Vernichtung des kurdischen Volkes. Die BRD und weitere NATO-Staaten sind Nutznie\u00dfer*innen dieser Politik \u2013 sie liefern Waffen, Daten und Moneten.<\/p>\n\n\n\n<p>Die Verfolgung des demokratischen Aufbegehrens der kurdischen Gesellschaft im Mittleren Osten findet in allen vier Teilen Kurdistans statt sowie im Exil. Auch hier bei uns in Deutschland sind politisch Aktive aus der T\u00fcrkei oder Kurd*innen manchmal auch nur weil sie Kurden sind Angriffspunkt der deutschen Beh\u00f6rden, die alles tun um die Beziehungen zur T\u00fcrkei nicht zu schw\u00e4chen.<\/p>\n\n\n\n<p>Denn die deutsche Wirtschaft profitiert massiv von den v\u00f6lkerrechtswidrigen Angriffen der t\u00fcrkischen Armee auf die selbstverwalteten Gebiete in Nord und Ostsyrien. Der schmutzige Fl\u00fcchtlingsdeal ist eine unmoralische Abmachung auf Kosten der Schw\u00e4chsten der Gesellschaft, Frauen sind davon in besonderem Ma\u00dfe betroffen.<\/p>\n\n\n\n<p>Abdullah \u00d6calan muss aus dem Gef\u00e4ngnis frei kommen, die Angriffe auf Kurdistan m\u00fcssen aufh\u00f6ren und die Kriminalisierung von PKK und kurdischen Aktivist*innen und ihrem Umfeld in Deutschland muss ein Ende haben.<\/p>\n\n\n\n<p>Wir gr\u00fc\u00dfen die langen M\u00e4rsche f\u00fcr die Freiheit Abdullah \u00d6calans und all denjenigen, die seit fast 400 Wochen in Stra\u00dfburg eine st\u00e4ndige Mahnwache abhalten.<\/p>\n\n\n\n<p>Die Ideen der Freiheitsbewegung Kurdistans sind Ideen, die f\u00fcr uns alle Verbesserungen bringen. Das Ziel ist ein gemeinsames Leben auf der Basis von Geschlechterbefreiung, \u00d6kologie und Selbstverwaltung. Abseits von Kapitalinteressen und den Zw\u00e4ngen des Staates muss es das Ziel aller freiheitlich denkenden Menschen sein, eine Welt zu erschaffen, in der Alle ein Leben nach ihren Bed\u00fcrfnissen in einer solidarischen Gemeinschaft leben k\u00f6nnen. Daf\u00fcr steht Abdullah \u00d6calan. Und daf\u00fcr stehen wir!<\/p>\n\n\n\n<p><strong>Freiheit f\u00fcr Abdullah \u00d6calan und weg mit dem Verbot der PKK!<\/strong><br><strong>Wir k\u00e4mpfen gegen den patriarchalen Normalzustand und f\u00fcr die Freiheit und f\u00fcr das Leben! Jin Jiyan Azadi!<\/strong><\/p>\n","protected":false},"excerpt":{"rendered":"<p>15.02.2020 Gedanken zum 15. Februar 1999 Der 15. Februar 1999 markiert auch f\u00fcr uns als Feminist*innen ein wichtiges Datum. Denn das Komplott gegen Abdullah \u00d6calan bedeutet auch ein Komplott gegen eine Bewegung, f\u00fcr die die Freiheit der Frauen und der Kampf gegen ein kapitalistisch-patriarchales System zentral ist. Er ist Teil eines Verrates der Staaten an [&hellip;]<\/p>\n","protected":false},"author":1,"featured_media":0,"comment_status":"open","ping_status":"open","sticky":false,"template":"","format":"standard","meta":{"om_disable_all_campaigns":false,"_monsterinsights_skip_tracking":false,"_monsterinsights_sitenote_active":false,"_monsterinsights_sitenote_note":"","_monsterinsights_sitenote_category":0,"footnotes":""},"categories":[1],"tags":[],"class_list":["post-723","post","type-post","status-publish","format-standard","hentry","category-aktuelles"],"aioseo_notices":[],"_links":{"self":[{"href":"https:\/\/gemeinsam-kaempfen.de\/index.php?rest_route=\/wp\/v2\/posts\/723","targetHints":{"allow":["GET"]}}],"collection":[{"href":"https:\/\/gemeinsam-kaempfen.de\/index.php?rest_route=\/wp\/v2\/posts"}],"about":[{"href":"https:\/\/gemeinsam-kaempfen.de\/index.php?rest_route=\/wp\/v2\/types\/post"}],"author":[{"embeddable":true,"href":"https:\/\/gemeinsam-kaempfen.de\/index.php?rest_route=\/wp\/v2\/users\/1"}],"replies":[{"embeddable":true,"href":"https:\/\/gemeinsam-kaempfen.de\/index.php?rest_route=%2Fwp%2Fv2%2Fcomments&post=723"}],"version-history":[{"count":1,"href":"https:\/\/gemeinsam-kaempfen.de\/index.php?rest_route=\/wp\/v2\/posts\/723\/revisions"}],"predecessor-version":[{"id":724,"href":"https:\/\/gemeinsam-kaempfen.de\/index.php?rest_route=\/wp\/v2\/posts\/723\/revisions\/724"}],"wp:attachment":[{"href":"https:\/\/gemeinsam-kaempfen.de\/index.php?rest_route=%2Fwp%2Fv2%2Fmedia&parent=723"}],"wp:term":[{"taxonomy":"category","embeddable":true,"href":"https:\/\/gemeinsam-kaempfen.de\/index.php?rest_route=%2Fwp%2Fv2%2Fcategories&post=723"},{"taxonomy":"post_tag","embeddable":true,"href":"https:\/\/gemeinsam-kaempfen.de\/index.php?rest_route=%2Fwp%2Fv2%2Ftags&post=723"}],"curies":[{"name":"wp","href":"https:\/\/api.w.org\/{rel}","templated":true}]}}