{"id":725,"date":"2022-08-24T13:00:41","date_gmt":"2022-08-24T11:00:41","guid":{"rendered":"https:\/\/gemeinsam-kaempfen.de\/?p=725"},"modified":"2022-08-24T13:00:41","modified_gmt":"2022-08-24T11:00:41","slug":"hanau","status":"publish","type":"post","link":"https:\/\/gemeinsam-kaempfen.de\/?p=725","title":{"rendered":"#Hanau"},"content":{"rendered":"\n<p><strong>Eine unserer Reden von gestern, 21.2.2020<\/strong><\/p>\n\n\n\n<p><em>Kurz nach einer weiteren rassistischen Tat in diesem Staat&#8230;<\/em><\/p>\n\n\n\n<p>Der Anschlag von Hanau war m\u00f6rderisch, feige, rassistisch und frauenfeindlich.<\/p>\n\n\n\n<p>Er ist das Gegenteil von dem, wof\u00fcr es sich zu k\u00e4mpfen lohnt.<\/p>\n\n\n\n<p>Das Gegenteil von einer Gesellschaft, in der Solidarit\u00e4t und Gewaltfreiheit die obersten Pr\u00e4missen sind.<\/p>\n\n\n\n<p>Rassistische Gewalt ist ein Produkt einer Gesellschaft, in der M\u00e4nnlichkeit mit Dominanz, Vorherrschaft und Macht gleichgestellt wird.<\/p>\n\n\n\n<p>Aus feministischer Perspektive sehen wir, dass die Ideologien des sogenannten Islamischen Staates und von Anh\u00e4ngern rechter Gruppen, trotz ihrer unterschiedlichen Ziele, viel gemeinsam haben.<\/p>\n\n\n\n<p>Basierend auf Macht, Intoleranz gegen\u00fcber unterschiedlichen Identit\u00e4ten, Sexismus und gewaltverherrlichenden Methoden zielen sie darauf ab, auf Autorit\u00e4t und Kontrolle basierende, einfarbige Gesellschaftssysteme aufzubauen.<br>Ihnen gemeinsam ist die Ausl\u00f6schung der vielen Farben und T\u00f6ne, die unserer Gesellschaft zur Demokratie verhelfen.<\/p>\n\n\n\n<p>Diese Morde sind damit eine Absage an eine vielf\u00e4ltige Gesellschaft f\u00fcr Alle und so muss unser Protest dagegen ein breiter und er muss auch ein internationalistischer sein.<\/p>\n\n\n\n<p>Denn zur Solidarit\u00e4t mit den Ermordeten und ihren Angeh\u00f6rigen geh\u00f6rt f\u00fcr uns als internationalistische Feminist*innen auch, dass wir die rassistischen Angriffe in Zusammenhang setzen mit der Politik der Bundesregierung.<\/p>\n\n\n\n<p>Denn die Waffenexporte in die T\u00fcrkei, der EU-T\u00fcrkei-Deal, das Ersaufen lassen im Mittelmeer &#8211; all das ist eine Politik, die auch dazu f\u00fchrt, dass solche Taten wie die in Hanau m\u00f6glich werden.<\/p>\n\n\n\n<p>Wir sind also w\u00fctend, weil die politischen Verantwortlichen in diesem Land sich nicht nur au\u00dfenpolitisch ekelhaft verhalten, sondern sich auch innenpolitisch rechten Netzwerken und Rechtsterrorismus nicht entschieden entgegen stellen:<\/p>\n\n\n\n<p>Der NSU, der Anschlag von Halle, der Mord an Walter L\u00fcbcke und nun der Terroranschlag in Hanau sind das Ergebnis einer staatlichen Politik, welche sich auf dem rechten Auge blind stellt.<\/p>\n\n\n\n<p>Die politische Rhetorik der AfD und ihre Verharmlosung durch die Medien und Politiklandschaft bereiten den N\u00e4hrboden f\u00fcr den rechten Terror in Deutschland.<\/p>\n\n\n\n<p>Bundesminister Seehofer beschreibt heute Rassismus als Gift und fordert sch\u00e4rfere Sicherheitsvorkehrungen.<\/p>\n\n\n\n<p>Doch diese Sicherheitsvorkehrungen sind nichts was uns zufrieden stellt oder beruhigt.<\/p>\n\n\n\n<p>Die Trauer, die die Bundesregierung in solchen Momenten ausdr\u00fcckt ist Hohn, wenn an anderen Stellen das Asylrecht ausgehebelt wird, viele rassistische Morde ohne Konsequenzen bleiben, racial profiling allt\u00e4glich ist und kurdische Aktivist-innen kriminalisiert werden.<\/p>\n\n\n\n<p>Und noch ein Punkt ist f\u00fcr uns als Frauen und Queers wichtig:<br>Fester Bestandteil der Ideologie dieser M\u00f6rder und Attent\u00e4ter ist eine tiefsitzende Frauenfeindlichkeit.<\/p>\n\n\n\n<p>Der T\u00e4ter brachte in seinem Bekennerschreiben seine sexuellen Frustrationen zum Ausdruck, da er nie eine intime Beziehung zu einer Frau aufbauen konnte.<\/p>\n\n\n\n<p>Ob AfD, Seehofer, Maa\u00dfen und Merz, ob Trump, Erdogan oder der Attent\u00e4ter von Hanau. Sie alle eint, dass sie auf die eine oder andere Art und Weise eine Stimmung sch\u00fcren, die Gewalt gegen Frauen und Minderheiten erm\u00f6glicht.<\/p>\n\n\n\n<p>Unser Widerstand ist deswegen feministisch, antifaschistisch und internationalistisch.<\/p>\n\n\n\n<p>Wir m\u00f6chten allen Angeh\u00f6rigen der Opfer unser tiefstes Beileid bekunden. Unsere Gedanken und unser Mitgef\u00fchl gelten ihnen.<\/p>\n\n\n\n<p>Unsere Wut gilt dem System.<br>Und unsere Hoffnung allen widerst\u00e4ndigen Kr\u00e4ften.<\/p>\n\n\n\n<p>F\u00fcr die Freiheit, f\u00fcr das Leben und gegen den rassistischen Normalzustand!<\/p>\n","protected":false},"excerpt":{"rendered":"<p>Eine unserer Reden von gestern, 21.2.2020 Kurz nach einer weiteren rassistischen Tat in diesem Staat&#8230; Der Anschlag von Hanau war m\u00f6rderisch, feige, rassistisch und frauenfeindlich. Er ist das Gegenteil von dem, wof\u00fcr es sich zu k\u00e4mpfen lohnt. Das Gegenteil von einer Gesellschaft, in der Solidarit\u00e4t und Gewaltfreiheit die obersten Pr\u00e4missen sind. Rassistische Gewalt ist ein [&hellip;]<\/p>\n","protected":false},"author":1,"featured_media":0,"comment_status":"open","ping_status":"open","sticky":false,"template":"","format":"standard","meta":{"om_disable_all_campaigns":false,"_monsterinsights_skip_tracking":false,"_monsterinsights_sitenote_active":false,"_monsterinsights_sitenote_note":"","_monsterinsights_sitenote_category":0,"footnotes":""},"categories":[1],"tags":[],"class_list":["post-725","post","type-post","status-publish","format-standard","hentry","category-aktuelles"],"aioseo_notices":[],"_links":{"self":[{"href":"https:\/\/gemeinsam-kaempfen.de\/index.php?rest_route=\/wp\/v2\/posts\/725","targetHints":{"allow":["GET"]}}],"collection":[{"href":"https:\/\/gemeinsam-kaempfen.de\/index.php?rest_route=\/wp\/v2\/posts"}],"about":[{"href":"https:\/\/gemeinsam-kaempfen.de\/index.php?rest_route=\/wp\/v2\/types\/post"}],"author":[{"embeddable":true,"href":"https:\/\/gemeinsam-kaempfen.de\/index.php?rest_route=\/wp\/v2\/users\/1"}],"replies":[{"embeddable":true,"href":"https:\/\/gemeinsam-kaempfen.de\/index.php?rest_route=%2Fwp%2Fv2%2Fcomments&post=725"}],"version-history":[{"count":1,"href":"https:\/\/gemeinsam-kaempfen.de\/index.php?rest_route=\/wp\/v2\/posts\/725\/revisions"}],"predecessor-version":[{"id":726,"href":"https:\/\/gemeinsam-kaempfen.de\/index.php?rest_route=\/wp\/v2\/posts\/725\/revisions\/726"}],"wp:attachment":[{"href":"https:\/\/gemeinsam-kaempfen.de\/index.php?rest_route=%2Fwp%2Fv2%2Fmedia&parent=725"}],"wp:term":[{"taxonomy":"category","embeddable":true,"href":"https:\/\/gemeinsam-kaempfen.de\/index.php?rest_route=%2Fwp%2Fv2%2Fcategories&post=725"},{"taxonomy":"post_tag","embeddable":true,"href":"https:\/\/gemeinsam-kaempfen.de\/index.php?rest_route=%2Fwp%2Fv2%2Ftags&post=725"}],"curies":[{"name":"wp","href":"https:\/\/api.w.org\/{rel}","templated":true}]}}