{"id":728,"date":"2022-08-24T14:29:39","date_gmt":"2022-08-24T12:29:39","guid":{"rendered":"https:\/\/gemeinsam-kaempfen.de\/?p=728"},"modified":"2022-08-24T14:29:39","modified_gmt":"2022-08-24T12:29:39","slug":"jeder-tag-ist-8-maerz-an-jedem-tag-ist-widerstand","status":"publish","type":"post","link":"https:\/\/gemeinsam-kaempfen.de\/?p=728","title":{"rendered":"Jeder Tag ist 8. M\u00e4rz \u2013 an jedem Tag ist Widerstand!"},"content":{"rendered":"\n<p><\/p>\n\n\n\n<p>04.03.2020<\/p>\n\n\n\n<p><\/p>\n\n\n\n<h4 class=\"wp-block-heading\"><strong>Unsere autonome Organisierung ist unser allt\u00e4glicher Streik gegen das Patriarchat!<\/strong><\/h4>\n\n\n\n<p>Liebe Freund*innen, liebe Weggef\u00e4hrt*innen, liebe Verb\u00fcndete,<\/p>\n\n\n\n<p>am 8. M\u00e4rz, dem internationalen Frauen*kampftag, sagen wir als Frauen und Queers weltweit dem Patriarchat den Kampf an. An diesem Tag schlie\u00dfen wir uns zusammen, tragen unsere Trauer \u00fcber immerw\u00e4hrende Angriffe und Gewalt, unsere Wut hier\u00fcber auf die Stra\u00dfe und machen unseren allt\u00e4glichen Widerstand und unsere endlose Kraft sichtbar.<\/p>\n\n\n\n<p>Das Patriarchat hat viele Gesichter. Es reicht weit bis in die Geschichte zur\u00fcck, hat sich dort verankert und verwurzelt. Und so wie sich auch Lebensbedingungen, Unterdr\u00fcckung, Widerstand, Natur und Gesellschaften ver\u00e4ndert haben, hat sich auch das Patriarchat ver\u00e4ndert und angepasst. Es hat sich verwoben mit anderen Formen der Unterdr\u00fcckung, mit Kapitalismus, mit Rassismus, mit Neoliberalismus und mit der Ausbeutung von Mensch und Natur.<\/p>\n\n\n\n<p>Die Aufspaltung und Trennung von uns untereinander ist grundlegendes Prinzip des Patriarchats. Wir sollen einander nicht f\u00fchlen, einander nicht unterst\u00fctzen, nicht voneinander wissen und nicht wissen, dass wenn es eine trifft, wir alle damit gemeint sind.<\/p>\n\n\n\n<p>Doch wir wissen, dass der Angriff auf die Frauenrevolution in Nord- und Ostsyrien &#8211; die wir als eine zentrale Quelle der Kraft f\u00fcr weltweite antipatriarchale K\u00e4mpfe sehen &#8211; auch ein Angriff auf uns ist. Wir wissen, dass die Frauen und die Gesellschaft dort f\u00fcr eine Alternative zum kapitalistischen Patriarchat k\u00e4mpfen. Und wir wissen, dass wir, wenn wir unsere Gemeinsamkeiten in den Vordergrund stellen, die Idee dieser Revolution weltweit Fr\u00fcchte tragen wird.<\/p>\n\n\n\n<p>Wir wissen auch, dass das Grauen, dass die Menschen an den Grenzen Europas erleben m\u00fcssen, nichts schicksalhaftes hat, sondern System. Auf ihren R\u00fccken wird ein Kampf der Hegemonialm\u00e4chte um Vorherrschaft und Macht ausgetragen, in dem Erdogan die Rojava-Revolution und ihre Bl\u00fcten vernichten will. Doch dagegen regt sich immer mehr Widerstand.<\/p>\n\n\n\n<p>Die Verteidigung der Selbstverwaltung in Nord- und Ostsyrien und der Aufbau eines freien Lebens beginnt in uns und \u00fcberall dort, wo wir leben und in dem, wie wir mit einander umgehen. In den Werten, die wir uns selbst erarbeiten und teilen. Sie beginnt in einer harten, ehrlichen Auseinandersetzung mit unseren gesellschatlichen Positionen, in der ernsthaften Anerkennung unserer Sozialisation und Mentalit\u00e4t und dem Aufbrechen alter Logiken.<\/p>\n\n\n\n<p>Unser Widerstand richtet sich gegen all die Missst\u00e4nde, die wir erleben und sehen: Gegen den Backlash in der Zuweisung von Geschlechterrollen in Deutschland, ungleiche Einkommen und den versuchten Mord durch einen Mann an seiner Partnerin oder Ex-Partnerin an jeden dritten Tag. Die Morde an Frauen in Lateinamerika, jeden Tag sind es mehr als 12. Die Verhandlung in der T\u00fcrkei \u00fcber ein Gesetz, dass die Vergewaltigung Minderj\u00e4hriger legitimieren soll, wenn der T\u00e4ter die Betroffene anschlie\u00dfend heiratet. Das Verbot f\u00fcr Frauen in Alabama, selbstbestimmt \u00fcber ihren K\u00f6rper zu entscheiden und abzutreiben. Auch dann, wenn sie vergewaltigt wurde.<\/p>\n\n\n\n<p>Jeder gewaltt\u00e4tige Ausdruck des Patriarchats, egal wo er stattfindet, trifft ein Individuum, aber er hat System. Und daher schlie\u00dfen wir uns zusammen und leisten Widerstand in einer langen Tradition von feministischen K\u00e4mpfen der vergangenen Jahrhunderte. Denn wir sind die Nachfolger*innen der Hexen, die ihr nicht verbrennen konntet.<\/p>\n\n\n\n<p><strong>Das Patriarchat hat viele Gesichter. Und unser Widerstand auch!<\/strong><\/p>\n\n\n\n<p>Als Feminist*innen stehen wir mehr denn je in der Verantwortung, das Patriarchat entschieden zu bek\u00e4mpfen \u2013 und mit ihm alle Formen der Unterdr\u00fcckung, da sie nach derselben Logik funktionieren. Die Toten von Hanau, das Grauen an der griechisch-t\u00fcrkischen Grenze, die aktuellen Feminizide in der BRD sind aktuelle schreckliche Signale.<\/p>\n\n\n\n<p>Wir stehen f\u00fcr die Idee des demokratischen Weltfrauenkonf\u00f6deralismus, der in der kurdischen Frauenbewegung entstand, auch wenn unsere K\u00e4mpfe in unterschiedlichen Kontexten und unter verschiedenen Bedingungen stattfinden. Wir diskutieren den Vorschlag der Zapatistas f\u00fcr ein weltweites Netzwerk des Widerstands und der Rebellion und wir begreifen uns als Teil der weltweiten Streikbewegung.<\/p>\n\n\n\n<p>Lasst uns unsere K\u00e4mpfe miteinander verbinden und die Vielfalt in ihnen sichtbar werden lassen!<\/p>\n\n\n\n<p>Lasst uns auf einander zugehen, einander zuh\u00f6ren, uns gegenseitig unterst\u00fctzen und die Vielfalt unserer verschiedenen K\u00e4mpfe und Organisierungen als unsere Alternative zum kapitalistischen Patriarchat begreifen.<\/p>\n\n\n\n<p>Wir streiken nicht nur am 8. M\u00e4rz, sondern jeden Tag gegen das Patriarchat, wenn wir sagen: Unsere Organisierung ist unsere Selbstverteidigung, denn wenn wir streiken, dann steht die Welt still.<\/p>\n\n\n\n<p>Am 8. M\u00e4rz und an jedem weiteren Tag!<\/p>\n\n\n\n<p>Widerstand hei\u00dft Leben!<\/p>\n\n\n\n<p>Jin Jiyan Azad\u00ee!<\/p>\n\n\n\n<p><\/p>\n","protected":false},"excerpt":{"rendered":"<p>04.03.2020 Unsere autonome Organisierung ist unser allt\u00e4glicher Streik gegen das Patriarchat! Liebe Freund*innen, liebe Weggef\u00e4hrt*innen, liebe Verb\u00fcndete, am 8. M\u00e4rz, dem internationalen Frauen*kampftag, sagen wir als Frauen und Queers weltweit dem Patriarchat den Kampf an. An diesem Tag schlie\u00dfen wir uns zusammen, tragen unsere Trauer \u00fcber immerw\u00e4hrende Angriffe und Gewalt, unsere Wut hier\u00fcber auf die [&hellip;]<\/p>\n","protected":false},"author":1,"featured_media":0,"comment_status":"open","ping_status":"open","sticky":false,"template":"","format":"standard","meta":{"om_disable_all_campaigns":false,"_monsterinsights_skip_tracking":false,"_monsterinsights_sitenote_active":false,"_monsterinsights_sitenote_note":"","_monsterinsights_sitenote_category":0,"footnotes":""},"categories":[1],"tags":[],"class_list":["post-728","post","type-post","status-publish","format-standard","hentry","category-aktuelles"],"aioseo_notices":[],"_links":{"self":[{"href":"https:\/\/gemeinsam-kaempfen.de\/index.php?rest_route=\/wp\/v2\/posts\/728","targetHints":{"allow":["GET"]}}],"collection":[{"href":"https:\/\/gemeinsam-kaempfen.de\/index.php?rest_route=\/wp\/v2\/posts"}],"about":[{"href":"https:\/\/gemeinsam-kaempfen.de\/index.php?rest_route=\/wp\/v2\/types\/post"}],"author":[{"embeddable":true,"href":"https:\/\/gemeinsam-kaempfen.de\/index.php?rest_route=\/wp\/v2\/users\/1"}],"replies":[{"embeddable":true,"href":"https:\/\/gemeinsam-kaempfen.de\/index.php?rest_route=%2Fwp%2Fv2%2Fcomments&post=728"}],"version-history":[{"count":1,"href":"https:\/\/gemeinsam-kaempfen.de\/index.php?rest_route=\/wp\/v2\/posts\/728\/revisions"}],"predecessor-version":[{"id":729,"href":"https:\/\/gemeinsam-kaempfen.de\/index.php?rest_route=\/wp\/v2\/posts\/728\/revisions\/729"}],"wp:attachment":[{"href":"https:\/\/gemeinsam-kaempfen.de\/index.php?rest_route=%2Fwp%2Fv2%2Fmedia&parent=728"}],"wp:term":[{"taxonomy":"category","embeddable":true,"href":"https:\/\/gemeinsam-kaempfen.de\/index.php?rest_route=%2Fwp%2Fv2%2Fcategories&post=728"},{"taxonomy":"post_tag","embeddable":true,"href":"https:\/\/gemeinsam-kaempfen.de\/index.php?rest_route=%2Fwp%2Fv2%2Ftags&post=728"}],"curies":[{"name":"wp","href":"https:\/\/api.w.org\/{rel}","templated":true}]}}