{"id":730,"date":"2022-08-24T14:31:22","date_gmt":"2022-08-24T12:31:22","guid":{"rendered":"https:\/\/gemeinsam-kaempfen.de\/?p=730"},"modified":"2022-08-24T14:31:22","modified_gmt":"2022-08-24T12:31:22","slug":"erinnerungen-an-sara","status":"publish","type":"post","link":"https:\/\/gemeinsam-kaempfen.de\/?p=730","title":{"rendered":"Erinnerungen an Sara"},"content":{"rendered":"\n<p><\/p>\n\n\n\n<p>07.04.2020<\/p>\n\n\n\n<p><\/p>\n\n\n\n<figure class=\"wp-block-image size-full\"><img fetchpriority=\"high\" decoding=\"async\" width=\"501\" height=\"735\" src=\"https:\/\/gemeinsam-kaempfen.de\/wp-content\/uploads\/2022\/08\/sara.jpeg\" alt=\"\" class=\"wp-image-696\" srcset=\"https:\/\/gemeinsam-kaempfen.de\/wp-content\/uploads\/2022\/08\/sara.jpeg 501w, https:\/\/gemeinsam-kaempfen.de\/wp-content\/uploads\/2022\/08\/sara-204x300.jpeg 204w\" sizes=\"(max-width: 501px) 100vw, 501px\" \/><\/figure>\n\n\n\n<p>Unsere Freundin Sarah Handelmann\/Sara Dorsin ist am 7.4.2019 in den Medya Verteidigungsgebieten gefallen.<\/p>\n\n\n\n<p>Sara Dorsin war und ist unsere Weggef\u00e4hrtin und erinnert uns immer daran f\u00fcr was wir jeden Tag k\u00e4mpfen.<\/p>\n\n\n\n<p>Der Kampf um Befreiung ist international, daf\u00fcr steht Sehid Sara.<\/p>\n\n\n\n<p>Sehid namirin! Die Gefallenen sind unsterblich!<\/p>\n\n\n\n<p>Ausf\u00fchrliche Erinnerungen an Sara findet ihr hier:<\/p>\n\n\n\n<p><a href=\"https:\/\/anfdeutsch.com\/frauen\/erinnerungen-an-sarah-handelmann-18361\">https:\/\/anfdeutsch.com\/frauen\/erinnerungen-an-sarah-handelmann-18361<\/a><\/p>\n","protected":false},"excerpt":{"rendered":"<p>07.04.2020 Unsere Freundin Sarah Handelmann\/Sara Dorsin ist am 7.4.2019 in den Medya Verteidigungsgebieten gefallen. Sara Dorsin war und ist unsere Weggef\u00e4hrtin und erinnert uns immer daran f\u00fcr was wir jeden Tag k\u00e4mpfen. Der Kampf um Befreiung ist international, daf\u00fcr steht Sehid Sara. Sehid namirin! Die Gefallenen sind unsterblich! Ausf\u00fchrliche Erinnerungen an Sara findet ihr hier: [&hellip;]<\/p>\n","protected":false},"author":1,"featured_media":696,"comment_status":"open","ping_status":"open","sticky":false,"template":"","format":"standard","meta":{"om_disable_all_campaigns":false,"_monsterinsights_skip_tracking":false,"_monsterinsights_sitenote_active":false,"_monsterinsights_sitenote_note":"","_monsterinsights_sitenote_category":0,"footnotes":""},"categories":[1],"tags":[],"class_list":["post-730","post","type-post","status-publish","format-standard","has-post-thumbnail","hentry","category-aktuelles"],"aioseo_notices":[],"_links":{"self":[{"href":"https:\/\/gemeinsam-kaempfen.de\/index.php?rest_route=\/wp\/v2\/posts\/730","targetHints":{"allow":["GET"]}}],"collection":[{"href":"https:\/\/gemeinsam-kaempfen.de\/index.php?rest_route=\/wp\/v2\/posts"}],"about":[{"href":"https:\/\/gemeinsam-kaempfen.de\/index.php?rest_route=\/wp\/v2\/types\/post"}],"author":[{"embeddable":true,"href":"https:\/\/gemeinsam-kaempfen.de\/index.php?rest_route=\/wp\/v2\/users\/1"}],"replies":[{"embeddable":true,"href":"https:\/\/gemeinsam-kaempfen.de\/index.php?rest_route=%2Fwp%2Fv2%2Fcomments&post=730"}],"version-history":[{"count":1,"href":"https:\/\/gemeinsam-kaempfen.de\/index.php?rest_route=\/wp\/v2\/posts\/730\/revisions"}],"predecessor-version":[{"id":731,"href":"https:\/\/gemeinsam-kaempfen.de\/index.php?rest_route=\/wp\/v2\/posts\/730\/revisions\/731"}],"wp:featuredmedia":[{"embeddable":true,"href":"https:\/\/gemeinsam-kaempfen.de\/index.php?rest_route=\/wp\/v2\/media\/696"}],"wp:attachment":[{"href":"https:\/\/gemeinsam-kaempfen.de\/index.php?rest_route=%2Fwp%2Fv2%2Fmedia&parent=730"}],"wp:term":[{"taxonomy":"category","embeddable":true,"href":"https:\/\/gemeinsam-kaempfen.de\/index.php?rest_route=%2Fwp%2Fv2%2Fcategories&post=730"},{"taxonomy":"post_tag","embeddable":true,"href":"https:\/\/gemeinsam-kaempfen.de\/index.php?rest_route=%2Fwp%2Fv2%2Ftags&post=730"}],"curies":[{"name":"wp","href":"https:\/\/api.w.org\/{rel}","templated":true}]}}