{"id":734,"date":"2022-08-24T14:33:33","date_gmt":"2022-08-24T12:33:33","guid":{"rendered":"https:\/\/gemeinsam-kaempfen.de\/?p=734"},"modified":"2022-08-24T14:58:13","modified_gmt":"2022-08-24T12:58:13","slug":"jeder-feminizid-ist-ein-feminizid-zuviel-niunamenos","status":"publish","type":"post","link":"https:\/\/gemeinsam-kaempfen.de\/?p=734","title":{"rendered":"Jeder Feminizid ist ein Feminizid zuviel \u2013 NiUnaMenos!"},"content":{"rendered":"\n<p><\/p>\n\n\n\n<p>20.04.2020<\/p>\n\n\n\n<p><\/p>\n\n\n\n<p>Wir sind zutiefst best\u00fcrzt, traurig und w\u00fctend \u00fcber die Nachricht, dass am Mittwoch, den 15. April, die 27-j\u00e4hrige Besma Akinci in Einbeck bei Northeim get\u00f6tet worden ist. Besma war Mutter von drei kleinen Kindern und wurde offenbar von Cemal Akinci (55 Jahre), mit dem sie verheiratet war, ermordet.<br>Besma Akinci war gezwungenerma\u00dfen aufgrund des 74. genozidialen Massakers aus \u015eengal nach Deutschland geflohen. Unser tiefstes Beileid sprechen wir der Familie, Angeh\u00f6rigen und Freund*innen von Besma Akinci aus. Geschlechterbasierte Gewalt in Zeiten von Covid-19. Die Coronakrise ist keine &#8222;neue&#8220; Realit\u00e4t sondern eine Demaskierung der Realit\u00e4t: verschiedene Formen von Gewalt, die Frauen* ohnehin im kapitalistischen Patriarchat erfahren, werden unter den derzeitigen Umst\u00e4nden von Isolation und gesamtgesellschaftlicher Unsicherheit noch verst\u00e4rkt. Wir m\u00fcssen die Morde an Frauen*, auch in Zeiten von Corona, als das bezeichnen, was sie sind, n\u00e4mlich Feminizide.<br>Der Begriff Feminizid beschreibt die strukturellen Gegebenheiten, die dazu beitragen, dass Frauen* aufgrund ihres Geschlechts Gewalt erfahren, bis hin zur Ermordung. Wir leben in einer patriarchalen Gesellschaftsordnung, die Feminizide auf unterschiedlichen Ebenen beg\u00fcnstigt, sei es die juristische Straffreiheit, die soziale Straffreiheit oder die politische Unsichtbarkeit. All das f\u00fchrt zur Normalisierung der gewaltvollen Zust\u00e4nde, zum Wegschauen, Schweigen und schlie\u00dflich Verstummen.<br>In der Logik des patriarchalen Staats lagern dessen Institutionen die strukturelle Ermordung von Frauen* in den sogenannten &#8222;privaten Raum&#8220; aus. Sie verzerren und relativieren die Taten, indem sie diese in den Kontext von Ehe und Beziehung, Eifersucht und Drama einbetten. Noch immer sprechen sie von Einzelf\u00e4llen. Noch immer instrumentalisieren sie geschlechter-basierte Gewalt von Frauen*morden, indem sie diese mit rassistischen Ressentiments verkn\u00fcpfen und f\u00fcgen so den Betroffenen und Angeh\u00f6rigen, welche selbst Rassismus erfahren haben, noch zus\u00e4tzlich Gewalt zu.<br>So schmerzhaft und ersch\u00fctternd jede einzelne Meldung von geschlechtsbasierter Gewalt immer wieder ist, umso wichtiger ist es, diesen Schmerz sichtbar zu machen. Das klare Einordnen dieser Taten als das, was sie sind, besonders an den \u00dcberschneidungsstellen von Diskriminierungs-mechanismen, ist notwendig, um die strukturellen Aspekte der Gewalt offen zu legen, so gemeinschaftlich ein Bewusstsein f\u00fcr diese entwickeln zu k\u00f6nnen und unsere Wut und Trauer in Widerstand umzuwandeln. Denn allen Menschen steht das Recht auf ein Leben ohne Gewalt zu!<\/p>\n\n\n\n<p>\u2013 Wir fordern eine klare Benennung von geschlechter-basierter Gewalt als das, was sie ist!<br>\u2013 Wir fordern ein st\u00e4rkeres Einsetzen und Erk\u00e4mpfen der Anerkennung und Verwendung des Begriffes &#8222;Feminizid&#8220;!<br>\u2013 Wir fordern eine breite Bewusstseinschaffung \u00fcber die patriarchalen Zust\u00e4nde hier und weltweit und eine aktive Organisierung dagegen!<\/p>\n\n\n\n<p>Gemeinsam, feministisch und k\u00e4mpferisch gegen das kapitalistische Patriarchat!<\/p>\n\n\n\n<p><em>Feministische Kampagne Gemeinsam K\u00e4mpfen<\/em><br><em>Feministisches 8. M\u00e4rz B\u00fcndnis L\u00fcneburg<\/em><br><em>AK Feministische Geographien Frankfurt<\/em><br><em>Frauenrat Ronah\u00ee Hannover<\/em><br><em>Frauenrat Rojb\u00een Hamburg<\/em><br><em>Autonomes feministisches Kollektiv Hannover<\/em><br><em>Mujeres* Sin Fronteras Hamburg<\/em><br><em>LAG Feminismus in der Partei DIE LINKE, LV Hamburg<\/em><br><em>amiga (feministische antimilitaristische flt-Gruppe) Hamburg<\/em><br><em>EFRAS (Emanzipation, Freiheit, Akzeptanz und Selbstbestimmung) Hamburg<\/em><\/p>\n\n\n\n<p><em>April 2020<\/em><\/p>\n","protected":false},"excerpt":{"rendered":"<p>20.04.2020 Wir sind zutiefst best\u00fcrzt, traurig und w\u00fctend \u00fcber die Nachricht, dass am Mittwoch, den 15. April, die 27-j\u00e4hrige Besma Akinci in Einbeck bei Northeim get\u00f6tet worden ist. Besma war Mutter von drei kleinen Kindern und wurde offenbar von Cemal Akinci (55 Jahre), mit dem sie verheiratet war, ermordet.Besma Akinci war gezwungenerma\u00dfen aufgrund des 74. [&hellip;]<\/p>\n","protected":false},"author":1,"featured_media":699,"comment_status":"open","ping_status":"open","sticky":false,"template":"","format":"standard","meta":{"om_disable_all_campaigns":false,"_monsterinsights_skip_tracking":false,"_monsterinsights_sitenote_active":false,"_monsterinsights_sitenote_note":"","_monsterinsights_sitenote_category":0,"footnotes":""},"categories":[1],"tags":[],"class_list":["post-734","post","type-post","status-publish","format-standard","has-post-thumbnail","hentry","category-aktuelles"],"aioseo_notices":[],"_links":{"self":[{"href":"https:\/\/gemeinsam-kaempfen.de\/index.php?rest_route=\/wp\/v2\/posts\/734","targetHints":{"allow":["GET"]}}],"collection":[{"href":"https:\/\/gemeinsam-kaempfen.de\/index.php?rest_route=\/wp\/v2\/posts"}],"about":[{"href":"https:\/\/gemeinsam-kaempfen.de\/index.php?rest_route=\/wp\/v2\/types\/post"}],"author":[{"embeddable":true,"href":"https:\/\/gemeinsam-kaempfen.de\/index.php?rest_route=\/wp\/v2\/users\/1"}],"replies":[{"embeddable":true,"href":"https:\/\/gemeinsam-kaempfen.de\/index.php?rest_route=%2Fwp%2Fv2%2Fcomments&post=734"}],"version-history":[{"count":1,"href":"https:\/\/gemeinsam-kaempfen.de\/index.php?rest_route=\/wp\/v2\/posts\/734\/revisions"}],"predecessor-version":[{"id":735,"href":"https:\/\/gemeinsam-kaempfen.de\/index.php?rest_route=\/wp\/v2\/posts\/734\/revisions\/735"}],"wp:featuredmedia":[{"embeddable":true,"href":"https:\/\/gemeinsam-kaempfen.de\/index.php?rest_route=\/wp\/v2\/media\/699"}],"wp:attachment":[{"href":"https:\/\/gemeinsam-kaempfen.de\/index.php?rest_route=%2Fwp%2Fv2%2Fmedia&parent=734"}],"wp:term":[{"taxonomy":"category","embeddable":true,"href":"https:\/\/gemeinsam-kaempfen.de\/index.php?rest_route=%2Fwp%2Fv2%2Fcategories&post=734"},{"taxonomy":"post_tag","embeddable":true,"href":"https:\/\/gemeinsam-kaempfen.de\/index.php?rest_route=%2Fwp%2Fv2%2Ftags&post=734"}],"curies":[{"name":"wp","href":"https:\/\/api.w.org\/{rel}","templated":true}]}}