{"id":742,"date":"2022-08-24T14:44:44","date_gmt":"2022-08-24T12:44:44","guid":{"rendered":"https:\/\/gemeinsam-kaempfen.de\/?p=742"},"modified":"2022-08-24T14:44:44","modified_gmt":"2022-08-24T12:44:44","slug":"waescheleineaktion-gegen-patriarchale-gewalt-in-zeiten-von-corona","status":"publish","type":"post","link":"https:\/\/gemeinsam-kaempfen.de\/?p=742","title":{"rendered":"W\u00e4scheleineaktion gegen patriarchale Gewalt in Zeiten von Corona"},"content":{"rendered":"\n<p><\/p>\n\n\n\n<p>22.05.2020<\/p>\n\n\n\n<p><\/p>\n\n\n\n<p>Hier teilen wir Material und einen kleinen Aufruf, zu Aktionen, bei denen wir im \u00f6ffentlichen Raum eine W\u00e4scheleine aufgehangen haben, um auf steigende patriarchale Gewalt, vor allem Feminizide, aufmerksam zu machen.<\/p>\n\n\n\n<p><\/p>\n\n\n\n<figure class=\"wp-block-image size-full\"><img fetchpriority=\"high\" decoding=\"async\" width=\"990\" height=\"556\" src=\"https:\/\/gemeinsam-kaempfen.de\/wp-content\/uploads\/2022\/08\/20200420-berlin-jpga126f3-image.jpg\" alt=\"\" class=\"wp-image-677\" srcset=\"https:\/\/gemeinsam-kaempfen.de\/wp-content\/uploads\/2022\/08\/20200420-berlin-jpga126f3-image.jpg 990w, https:\/\/gemeinsam-kaempfen.de\/wp-content\/uploads\/2022\/08\/20200420-berlin-jpga126f3-image-300x168.jpg 300w, https:\/\/gemeinsam-kaempfen.de\/wp-content\/uploads\/2022\/08\/20200420-berlin-jpga126f3-image-768x431.jpg 768w\" sizes=\"(max-width: 990px) 100vw, 990px\" \/><\/figure>\n\n\n\n<p>Im Ausstellungstext hei\u00dft es:<\/p>\n\n\n\n<p><em>Liebe Nachbar*innen,<\/em><\/p>\n\n\n\n<p><em>\u201eBleiben Sie zu Hause.\u201c Das sei doch eine &#8222;ganz einfache Aufforderung&#8220; um gemeinsam die Coronakrise zu \u00fcberstehen,&nbsp; freiwillige Isolation dieser Tage ein sozialer Akt, die Ausgangssperre das Mittel gegen die Ignoranz derer, die sich weiter drau\u00dfen aufhielten. So oder \u00e4hnlich konnte man viele Politiker*innen und einige Journalist*innen in den letzten Wochen sprechen h\u00f6ren. Zuhause&nbsp; bleiben in Zeiten von Corona bedeutet allerdings nicht f\u00fcr alle, sich im&nbsp; gem\u00fctlichen Eigenheim in der harmonischen Kleinfamilie zur\u00fcckzuziehen, wo es Lohnfortzahlung und genug Raum oder einen&nbsp; Garten gibt, um sich auch mal aus dem Weg zu gehen. Viele Menschen wohnen auf engstem Raum in kleinen Wohnungen&nbsp; zusammen. Ausgangsbegrenzungen k\u00f6nnen zu unertr\u00e4glichen&nbsp; Situationen f\u00fchren. Dass das eigene Zuhause statistisch f\u00fcr Frauen der gef\u00e4hrlichste Ort ist, ist keine \u00fcberraschende Pointe mehr \u2013 der zu erwartende Anstieg h\u00e4uslicher Gewalt in Zeiten der Coronakrise hat es sogar bis in die Tagesschau geschafft.<\/em><br><em>Freiheitsbeschr\u00e4nkende Ma\u00dfnahmen, wie sie derzeit verh\u00e4ngt werden, erh\u00f6hen das Potential f\u00fcr partnerschaftliche Gewaltaus\u00fcbung. Denn Ausgangssperren oder &#8211; begrenzungen, Schulschlie\u00dfungen, die&nbsp; Betreuung von Kindern zuhause oder soziale Isolation f\u00fchren dazu, dass viele Menschen 24\/7 in ihren Wohnungen aufeinanderhocken.&nbsp; Sorgen und \u00c4ngste werden gr\u00f6\u00dfer, das Gef\u00fchl des Kontrollverlusts&nbsp; st\u00e4rker. Existenzielle und finanzielle Unsicherheit lassen nicht nur bestehende gewaltvolle Dynamiken in Familien eskalieren, sondern&nbsp; bringen auch neue Konflikte auf.<\/em><br><em>Medienberichten zufolge sind in vielen L\u00e4ndern mit Ausgangssperren aufgrund von Corona die F\u00e4lle von h\u00e4uslicher Gewalt stark&nbsp; angestiegen, z.B. in China meldeten Frauenrechtsorganisationen drei Mal mehr Beschwerden, der Bundesstaat Rio de Janeiro in Brasilien&nbsp; einen 50-prozentigen Anstieg in den letzten zwei Wochen, die Notfallhotline in Argentinien 30 Prozent mehr Anrufe.<\/em><\/p>\n\n\n\n<p><em>Giulia, Aktivistin von Noborder Feminism, kommt aus Italien und beobachtet die Situation dort seit L\u00e4ngerem. Jeden Tag werde dort&nbsp; mindestens eine Frau von nahestehenden Personen umgebracht. \u201eDer&nbsp; Virus bringt nochmal in einer sehr viel aggressiveren und klareren Weise hervor, was auch schon vorher die Situation war\u201c,&nbsp; erkl\u00e4rt sie. \u201eDie Gewalt gegen Frauen ist massiv.\u201c<\/em><br><em>Auch in Deutschland warnen Expert*innen vor einer Zunahme h\u00e4uslicher Gewalt, erste Trends verzeichnen einen Anstieg von etwa zehn Prozent seit Beginn der Ma\u00dfnahmen.<\/em><\/p>\n\n\n\n<p><em>Mit unserer W\u00e4scheleinenaktion schlie\u00dfen wir uns einer Tradition chilenischer Feminist*innen an und m\u00f6chten auf die Versch\u00e4rfung patriarchaler Verh\u00e4ltnisse w\u00e4hrend der Coronakrise aufmerksam machen. Ihr findet hier Informationen zu den Themen \u201eFemizide\u201c sowie trans- und homofeindliche Gewalt, Unterst\u00fctzungsangebote und Hilfenummern und zu feministischen K\u00e4mpfen weltweit. Die roten Kleidungsst\u00fccke symbolisieren und erinnern an die Menschen, die Opfer patriarchaler Gewalt wurden.<\/em><\/p>\n\n\n\n<p>Hier gibt es Material, das gerne auch f\u00fcr eigene Aktionen genutzt und kreativ erg\u00e4nzt werden kann, z.B. mit eigenen Anlaufstellen, an die sich Interessierte und Betroffene wenden k\u00f6nnen, um sich gegen patriarchale Gewalt zu organiseren.<\/p>\n\n\n\n<p><\/p>\n\n\n\n<div data-wp-interactive=\"core\/file\" class=\"wp-block-file\"><object data-wp-bind--hidden=\"!state.hasPdfPreview\" hidden class=\"wp-block-file__embed\" data=\"https:\/\/gemeinsam-kaempfen.de\/wp-content\/uploads\/2022\/08\/ausstellung-teil1.pdf\" type=\"application\/pdf\" style=\"width:100%;height:600px\" aria-label=\"Einbettung von Einbettung von ausstellung-teil1..\"><\/object><a id=\"wp-block-file--media-58e46ba2-6aca-4b3b-828b-1bfc7f0cd61d\" href=\"https:\/\/gemeinsam-kaempfen.de\/wp-content\/uploads\/2022\/08\/ausstellung-teil1.pdf\">ausstellung-teil1<\/a><a href=\"https:\/\/gemeinsam-kaempfen.de\/wp-content\/uploads\/2022\/08\/ausstellung-teil1.pdf\" class=\"wp-block-file__button\" download aria-describedby=\"wp-block-file--media-58e46ba2-6aca-4b3b-828b-1bfc7f0cd61d\">Herunterladen<\/a><\/div>\n\n\n\n<div data-wp-interactive=\"core\/file\" class=\"wp-block-file\"><object data-wp-bind--hidden=\"!state.hasPdfPreview\" hidden class=\"wp-block-file__embed\" data=\"https:\/\/gemeinsam-kaempfen.de\/wp-content\/uploads\/2022\/08\/ausstellung-teil2.pdf\" type=\"application\/pdf\" style=\"width:100%;height:600px\" aria-label=\"Einbettung von Einbettung von ausstellung-teil2..\"><\/object><a id=\"wp-block-file--media-c48d2c96-4cb9-42d0-a3a8-a11f107c5595\" href=\"https:\/\/gemeinsam-kaempfen.de\/wp-content\/uploads\/2022\/08\/ausstellung-teil2.pdf\">ausstellung-teil2<\/a><a href=\"https:\/\/gemeinsam-kaempfen.de\/wp-content\/uploads\/2022\/08\/ausstellung-teil2.pdf\" class=\"wp-block-file__button\" download aria-describedby=\"wp-block-file--media-c48d2c96-4cb9-42d0-a3a8-a11f107c5595\">Herunterladen<\/a><\/div>\n\n\n\n<div data-wp-interactive=\"core\/file\" class=\"wp-block-file\"><object data-wp-bind--hidden=\"!state.hasPdfPreview\" hidden class=\"wp-block-file__embed\" data=\"https:\/\/gemeinsam-kaempfen.de\/wp-content\/uploads\/2022\/08\/waescheleine-begruessung.pdf\" type=\"application\/pdf\" style=\"width:100%;height:600px\" aria-label=\"Einbettung von Einbettung von waescheleine-begruessung..\"><\/object><a id=\"wp-block-file--media-d02e50fe-add6-4ebb-bf8e-7314a740118a\" href=\"https:\/\/gemeinsam-kaempfen.de\/wp-content\/uploads\/2022\/08\/waescheleine-begruessung.pdf\">waescheleine-begruessung<\/a><a href=\"https:\/\/gemeinsam-kaempfen.de\/wp-content\/uploads\/2022\/08\/waescheleine-begruessung.pdf\" class=\"wp-block-file__button\" download aria-describedby=\"wp-block-file--media-d02e50fe-add6-4ebb-bf8e-7314a740118a\">Herunterladen<\/a><\/div>\n\n\n\n<div data-wp-interactive=\"core\/file\" class=\"wp-block-file\"><object data-wp-bind--hidden=\"!state.hasPdfPreview\" hidden class=\"wp-block-file__embed\" data=\"https:\/\/gemeinsam-kaempfen.de\/wp-content\/uploads\/2022\/08\/feministische-kaempfe.pdf\" type=\"application\/pdf\" style=\"width:100%;height:600px\" aria-label=\"Einbettung von Einbettung von feministische-kaempfe..\"><\/object><a id=\"wp-block-file--media-32a13975-129b-4375-bc79-219b2a4640f4\" href=\"https:\/\/gemeinsam-kaempfen.de\/wp-content\/uploads\/2022\/08\/feministische-kaempfe.pdf\">feministische-kaempfe<\/a><a href=\"https:\/\/gemeinsam-kaempfen.de\/wp-content\/uploads\/2022\/08\/feministische-kaempfe.pdf\" class=\"wp-block-file__button\" download aria-describedby=\"wp-block-file--media-32a13975-129b-4375-bc79-219b2a4640f4\">Herunterladen<\/a><\/div>\n\n\n\n<div data-wp-interactive=\"core\/file\" class=\"wp-block-file\"><object data-wp-bind--hidden=\"!state.hasPdfPreview\" hidden class=\"wp-block-file__embed\" data=\"https:\/\/gemeinsam-kaempfen.de\/wp-content\/uploads\/2022\/08\/femizidbesmaakinci.pdf\" type=\"application\/pdf\" style=\"width:100%;height:600px\" aria-label=\"Einbettung von Einbettung von femizidbesmaakinci..\"><\/object><a id=\"wp-block-file--media-f3054117-7118-4aee-b969-63d88d42a706\" href=\"https:\/\/gemeinsam-kaempfen.de\/wp-content\/uploads\/2022\/08\/femizidbesmaakinci.pdf\">femizidbesmaakinci<\/a><a href=\"https:\/\/gemeinsam-kaempfen.de\/wp-content\/uploads\/2022\/08\/femizidbesmaakinci.pdf\" class=\"wp-block-file__button\" download aria-describedby=\"wp-block-file--media-f3054117-7118-4aee-b969-63d88d42a706\">Herunterladen<\/a><\/div>\n\n\n\n<div data-wp-interactive=\"core\/file\" class=\"wp-block-file\"><object data-wp-bind--hidden=\"!state.hasPdfPreview\" hidden class=\"wp-block-file__embed\" data=\"https:\/\/gemeinsam-kaempfen.de\/wp-content\/uploads\/2022\/08\/listenummernunterstuetzung.pdf\" type=\"application\/pdf\" style=\"width:100%;height:600px\" aria-label=\"Einbettung von Einbettung von listenummernunterstuetzung..\"><\/object><a id=\"wp-block-file--media-f63497e2-8955-4000-85c1-ca938092112e\" href=\"https:\/\/gemeinsam-kaempfen.de\/wp-content\/uploads\/2022\/08\/listenummernunterstuetzung.pdf\">listenummernunterstuetzung<\/a><a href=\"https:\/\/gemeinsam-kaempfen.de\/wp-content\/uploads\/2022\/08\/listenummernunterstuetzung.pdf\" class=\"wp-block-file__button\" download aria-describedby=\"wp-block-file--media-f63497e2-8955-4000-85c1-ca938092112e\">Herunterladen<\/a><\/div>\n","protected":false},"excerpt":{"rendered":"<p>22.05.2020 Hier teilen wir Material und einen kleinen Aufruf, zu Aktionen, bei denen wir im \u00f6ffentlichen Raum eine W\u00e4scheleine aufgehangen haben, um auf steigende patriarchale Gewalt, vor allem Feminizide, aufmerksam zu machen. Im Ausstellungstext hei\u00dft es: Liebe Nachbar*innen, \u201eBleiben Sie zu Hause.\u201c Das sei doch eine &#8222;ganz einfache Aufforderung&#8220; um gemeinsam die Coronakrise zu \u00fcberstehen,&nbsp; [&hellip;]<\/p>\n","protected":false},"author":1,"featured_media":683,"comment_status":"open","ping_status":"open","sticky":false,"template":"","format":"standard","meta":{"om_disable_all_campaigns":false,"_monsterinsights_skip_tracking":false,"_monsterinsights_sitenote_active":false,"_monsterinsights_sitenote_note":"","_monsterinsights_sitenote_category":0,"footnotes":""},"categories":[1],"tags":[],"class_list":["post-742","post","type-post","status-publish","format-standard","has-post-thumbnail","hentry","category-aktuelles"],"aioseo_notices":[],"_links":{"self":[{"href":"https:\/\/gemeinsam-kaempfen.de\/index.php?rest_route=\/wp\/v2\/posts\/742","targetHints":{"allow":["GET"]}}],"collection":[{"href":"https:\/\/gemeinsam-kaempfen.de\/index.php?rest_route=\/wp\/v2\/posts"}],"about":[{"href":"https:\/\/gemeinsam-kaempfen.de\/index.php?rest_route=\/wp\/v2\/types\/post"}],"author":[{"embeddable":true,"href":"https:\/\/gemeinsam-kaempfen.de\/index.php?rest_route=\/wp\/v2\/users\/1"}],"replies":[{"embeddable":true,"href":"https:\/\/gemeinsam-kaempfen.de\/index.php?rest_route=%2Fwp%2Fv2%2Fcomments&post=742"}],"version-history":[{"count":1,"href":"https:\/\/gemeinsam-kaempfen.de\/index.php?rest_route=\/wp\/v2\/posts\/742\/revisions"}],"predecessor-version":[{"id":749,"href":"https:\/\/gemeinsam-kaempfen.de\/index.php?rest_route=\/wp\/v2\/posts\/742\/revisions\/749"}],"wp:featuredmedia":[{"embeddable":true,"href":"https:\/\/gemeinsam-kaempfen.de\/index.php?rest_route=\/wp\/v2\/media\/683"}],"wp:attachment":[{"href":"https:\/\/gemeinsam-kaempfen.de\/index.php?rest_route=%2Fwp%2Fv2%2Fmedia&parent=742"}],"wp:term":[{"taxonomy":"category","embeddable":true,"href":"https:\/\/gemeinsam-kaempfen.de\/index.php?rest_route=%2Fwp%2Fv2%2Fcategories&post=742"},{"taxonomy":"post_tag","embeddable":true,"href":"https:\/\/gemeinsam-kaempfen.de\/index.php?rest_route=%2Fwp%2Fv2%2Ftags&post=742"}],"curies":[{"name":"wp","href":"https:\/\/api.w.org\/{rel}","templated":true}]}}