{"id":750,"date":"2022-08-24T14:48:30","date_gmt":"2022-08-24T12:48:30","guid":{"rendered":"https:\/\/gemeinsam-kaempfen.de\/?p=750"},"modified":"2022-08-24T14:48:30","modified_gmt":"2022-08-24T12:48:30","slug":"gegen-den-tuerkischen-angriffskrieg-auf-die-strassen-erklaerung-vom-dachverband-des-ezidischen-frauenrats","status":"publish","type":"post","link":"https:\/\/gemeinsam-kaempfen.de\/?p=750","title":{"rendered":"Gegen den t\u00fcrkischen Angriffskrieg auf die Stra\u00dfen! &#8211; Erkl\u00e4rung vom Dachverband des Ezidischen Frauenrats"},"content":{"rendered":"\n<p><\/p>\n\n\n\n<p>15.06.2020<\/p>\n\n\n\n<p><\/p>\n\n\n\n<p>Die T\u00fcrkei bombardiert erneut das ezidische Siedlungsgebiet \u015eengal in S\u00fcdkurdistan. Der Dachverband des Ezidischen Frauenrats e.V. ruft zu Protesten auf.<\/p>\n\n\n\n<figure class=\"wp-block-image size-full\"><img fetchpriority=\"high\" decoding=\"async\" width=\"990\" height=\"556\" src=\"https:\/\/gemeinsam-kaempfen.de\/wp-content\/uploads\/2022\/08\/20200615-20200307-20191119-20191106-20180816-frauenratb7fa8a-image-jpg83aeed-image-1-jpg5abf99-image-1-jpgc7d78d-image-1-jpgb59416-image.jpg\" alt=\"\" class=\"wp-image-751\" srcset=\"https:\/\/gemeinsam-kaempfen.de\/wp-content\/uploads\/2022\/08\/20200615-20200307-20191119-20191106-20180816-frauenratb7fa8a-image-jpg83aeed-image-1-jpg5abf99-image-1-jpgc7d78d-image-1-jpgb59416-image.jpg 990w, https:\/\/gemeinsam-kaempfen.de\/wp-content\/uploads\/2022\/08\/20200615-20200307-20191119-20191106-20180816-frauenratb7fa8a-image-jpg83aeed-image-1-jpg5abf99-image-1-jpgc7d78d-image-1-jpgb59416-image-300x168.jpg 300w, https:\/\/gemeinsam-kaempfen.de\/wp-content\/uploads\/2022\/08\/20200615-20200307-20191119-20191106-20180816-frauenratb7fa8a-image-jpg83aeed-image-1-jpg5abf99-image-1-jpgc7d78d-image-1-jpgb59416-image-768x431.jpg 768w\" sizes=\"(max-width: 990px) 100vw, 990px\" \/><\/figure>\n\n\n\n<p><a href=\"tg:\/\/msg?text=https%3A%2F%2Fanfdeutsch.com%2Faktuelles%2Fgegen-den-tuerkischen-angriffskrieg-auf-die-strassen-19792 ANF%20%7C%20Gegen%20den%20t%C3%BCrkischen%20Angriffskrieg%20auf%20die%20Stra%C3%9Fen!\"><\/a><\/p>\n\n\n\n<p>Der t\u00fcrkische Staat hat in der vergangenen Nacht eine Gro\u00dfoffensive auf S\u00fcdkurdistan gestartet. Kampfflugzeuge haben zeitgleich das ezidische Siedlungsgebiet \u015eengal (Sinjar), das Fl\u00fcchtlingslager Mexm\u00fbr und Guerillagebiete in den Qend\u00eel-Bergen bombardiert. Der in L\u00f6hne ans\u00e4ssige Dachverband des Ezidischen Frauenrats e.V. ruft zu Protesten auf und stellt Forderungen an die internationale Gemeinschaft:<\/p>\n\n\n\n<p>In der Nacht auf den 15. Juni bombardierte die t\u00fcrkische Luftwaffe mit mindestens 50 Kampfflugzeugen erneut die ezidische Bev\u00f6lkerung in Sinjar und parallel das Fl\u00fcchtlingslager in Maxmur im Nordirak. Laut \u00f6rtlichen Angaben wurde das Krankenhaus in Serdest im Gebirge Sinjar, wo mehrere Zehntausende Zivilist*innen leben, bombardiert. Ebenso wurde Geliye Silo, der Ort an dem Zek\u00ee Sengal\u00ee (Mam Zek\u00ee), Mitglied der ezidischen Koordination \u015eengal, am 15. August 2018 durch einen gezielten Anschlag des t\u00fcrkischen Staates ums Leben kam, erneut bombardiert. Kurze Zeit sp\u00e4ter wurde die Stadt Khanesor und das Dorf Bar\u00ea auch bombardiert. Noch liegen keine Informationen vor, wie viele Menschen bei den Angriffen verletzt oder get\u00f6tet wurden.<\/p>\n\n\n\n<p>Die ezidische Gemeinschaft \u00fcberlebte die genozidalen Angriffe des Islamischen Staates (IS) im Jahr 2014, wird jedoch seit 2017 wiederholt von der T\u00fcrkei angegriffen, darunter die t\u00fcrkische Invasion in Afrin im Jahr 2018, die u.a. zur ethnischen S\u00e4uberung der ezidischen D\u00f6rfer f\u00fchrte. Weitere Angriffe seitens der T\u00fcrkei fanden im Oktober 2019 auf Tel Abyad sowie im November 2019 und Januar 2020 in Digure\/Sinjar statt, wo zuletzt vier Menschen, darunter der Kommandeur der ezidischen Selbstverteidigungseinheiten Sinjar (YBS), Zerdest Singali, gezielt get\u00f6tet wurde.<\/p>\n\n\n\n<p>Der noch andauernde 74. Genozid und Femizid hat die Vernichtung der ezidischen Identit\u00e4t zum Ziel. Die Existenz und Freiheit der Ezid*innen ist ein Dorn im Auge Erdogans. Hunderte Familien, vor allem aus S\u00fcdkurdistan\/Nordirak, sind in den letzten Jahren nach Sinjar zur\u00fcckgekehrt. Zuletzt haben sich vor drei Tagen 50 Familien aus einem Lager in S\u00fcdkurdistan\/Nordirak auf den Weg nach Sinjar gemacht, wurden jedoch von Peschmerga-Kr\u00e4ften der s\u00fcdkurdischen Regierungspartei KRG aufgehalten. Es ist somit kein Zufall, dass der v\u00f6lkerrechtswidrige Angriff zeitgleich w\u00e4hrend der R\u00fcckkehr hunderter Ezid*innen nach Sinjar gegen die Zivilbev\u00f6lkerung stattgefunden hat.&nbsp;<\/p>\n\n\n\n<p>Als Dachverband des Ezidischen Frauenrates e.V. hatten wir gemeinsam mit anderen ezidischen Institutionen und Pers\u00f6nlichkeiten sowohl in Deutschland als auch vor Ort in Sinjar wiederholt auf die Gefahr hingewiesen, dass insbesondere der t\u00fcrkische Staat mit seinen dschihadistischen Milizen einen v\u00f6lkerrechtswidrigen Angriffskrieg gegen die Zivilbev\u00f6lkerung in Sengal, im Fl\u00fcchtlingslager Maxmur und der Demokratischen F\u00f6deration in Nord-und Ostsyrien f\u00fchrt. Weder die Bundesregierung Deutschland noch die EU zeigten eine klare Haltung gegen den NATO-Partner T\u00fcrkei und dessen v\u00f6lkerrechtswidrige Angriffe. Weiterhin wird die Politik des Drei-Affen-Prinzips \u201eNichts sehen, nichts h\u00f6ren, nichts sagen\u201c betrieben.<\/p>\n\n\n\n<p><strong>Selbstbestimmung als Antwort auf Krieg und Gewalt<\/strong><\/p>\n\n\n\n<p>Wir alle hier leben gemeinsam in einer Welt. Diese Welt sollten wir auch alle gemeinsam gestalten k\u00f6nnen, so dass Menschenrechtsverletzungen, Genozide, Femizide nie wieder geschehen. Denn wir alle sind verantwortlich f\u00fcr die Welt, die wir der nachfolgenden Generation hinterlassen. Hier und jetzt, mit Blick auf die Zukunft, sollten wir alle handeln. Lassen wir uns als Menschen nicht teilen in arm und reich, in wir hier und die dort. Lasst uns gemeinsam, generations- und herkunft\u00fcbergreifend gegen die Globalisierung des Krieges aufstehen und f\u00fcr den Frieden auf unserer Welt eintreten!<\/p>\n\n\n\n<p>Wir fordern: \u2022 Strafrechtliche Verfolgung der T\u00e4ter, Anstifter, Beihelfer und Unterst\u00fctzer des Genozids\/Femizids, national und international, insbesondere der T\u00fcrkei und des IS! \u2022 Die Einrichtung einer flugfreien Zone \u00fcber Sinjar und Maxmur und ganz Kurdistan! \u2022 Sofortige Beendigung des Femizids und Genozids in Sinjar und weltweit! \u2022 Sofortiger Stopp aller Waffenlieferungen an die T\u00fcrkei und andere kriegsf\u00fchrende Kr\u00e4fte!<\/p>\n","protected":false},"excerpt":{"rendered":"<p>15.06.2020 Die T\u00fcrkei bombardiert erneut das ezidische Siedlungsgebiet \u015eengal in S\u00fcdkurdistan. Der Dachverband des Ezidischen Frauenrats e.V. ruft zu Protesten auf. Der t\u00fcrkische Staat hat in der vergangenen Nacht eine Gro\u00dfoffensive auf S\u00fcdkurdistan gestartet. Kampfflugzeuge haben zeitgleich das ezidische Siedlungsgebiet \u015eengal (Sinjar), das Fl\u00fcchtlingslager Mexm\u00fbr und Guerillagebiete in den Qend\u00eel-Bergen bombardiert. Der in L\u00f6hne ans\u00e4ssige [&hellip;]<\/p>\n","protected":false},"author":1,"featured_media":0,"comment_status":"open","ping_status":"open","sticky":false,"template":"","format":"standard","meta":{"om_disable_all_campaigns":false,"_monsterinsights_skip_tracking":false,"_monsterinsights_sitenote_active":false,"_monsterinsights_sitenote_note":"","_monsterinsights_sitenote_category":0,"footnotes":""},"categories":[1],"tags":[],"class_list":["post-750","post","type-post","status-publish","format-standard","hentry","category-aktuelles"],"aioseo_notices":[],"_links":{"self":[{"href":"https:\/\/gemeinsam-kaempfen.de\/index.php?rest_route=\/wp\/v2\/posts\/750","targetHints":{"allow":["GET"]}}],"collection":[{"href":"https:\/\/gemeinsam-kaempfen.de\/index.php?rest_route=\/wp\/v2\/posts"}],"about":[{"href":"https:\/\/gemeinsam-kaempfen.de\/index.php?rest_route=\/wp\/v2\/types\/post"}],"author":[{"embeddable":true,"href":"https:\/\/gemeinsam-kaempfen.de\/index.php?rest_route=\/wp\/v2\/users\/1"}],"replies":[{"embeddable":true,"href":"https:\/\/gemeinsam-kaempfen.de\/index.php?rest_route=%2Fwp%2Fv2%2Fcomments&post=750"}],"version-history":[{"count":1,"href":"https:\/\/gemeinsam-kaempfen.de\/index.php?rest_route=\/wp\/v2\/posts\/750\/revisions"}],"predecessor-version":[{"id":752,"href":"https:\/\/gemeinsam-kaempfen.de\/index.php?rest_route=\/wp\/v2\/posts\/750\/revisions\/752"}],"wp:attachment":[{"href":"https:\/\/gemeinsam-kaempfen.de\/index.php?rest_route=%2Fwp%2Fv2%2Fmedia&parent=750"}],"wp:term":[{"taxonomy":"category","embeddable":true,"href":"https:\/\/gemeinsam-kaempfen.de\/index.php?rest_route=%2Fwp%2Fv2%2Fcategories&post=750"},{"taxonomy":"post_tag","embeddable":true,"href":"https:\/\/gemeinsam-kaempfen.de\/index.php?rest_route=%2Fwp%2Fv2%2Ftags&post=750"}],"curies":[{"name":"wp","href":"https:\/\/api.w.org\/{rel}","templated":true}]}}