{"id":761,"date":"2022-08-24T14:55:17","date_gmt":"2022-08-24T12:55:17","guid":{"rendered":"https:\/\/gemeinsam-kaempfen.de\/?p=761"},"modified":"2022-08-24T14:58:37","modified_gmt":"2022-08-24T12:58:37","slug":"offener-brief-zum-25-november","status":"publish","type":"post","link":"https:\/\/gemeinsam-kaempfen.de\/?p=761","title":{"rendered":"Offener Brief zum 25. November"},"content":{"rendered":"\n<p><\/p>\n\n\n\n<p>25.11.2020<\/p>\n\n\n\n<p><\/p>\n\n\n\n<figure class=\"wp-block-image size-large is-resized\"><img fetchpriority=\"high\" decoding=\"async\" src=\"https:\/\/gemeinsam-kaempfen.de\/wp-content\/uploads\/2022\/08\/20201125-ce-kundgebung-gegen-gewalt-an-frauen-3-1024x683.jpg\" alt=\"\" class=\"wp-image-679\" width=\"710\" height=\"473\" srcset=\"https:\/\/gemeinsam-kaempfen.de\/wp-content\/uploads\/2022\/08\/20201125-ce-kundgebung-gegen-gewalt-an-frauen-3-1024x683.jpg 1024w, https:\/\/gemeinsam-kaempfen.de\/wp-content\/uploads\/2022\/08\/20201125-ce-kundgebung-gegen-gewalt-an-frauen-3-300x200.jpg 300w, https:\/\/gemeinsam-kaempfen.de\/wp-content\/uploads\/2022\/08\/20201125-ce-kundgebung-gegen-gewalt-an-frauen-3-768x512.jpg 768w, https:\/\/gemeinsam-kaempfen.de\/wp-content\/uploads\/2022\/08\/20201125-ce-kundgebung-gegen-gewalt-an-frauen-3-1536x1024.jpg 1536w, https:\/\/gemeinsam-kaempfen.de\/wp-content\/uploads\/2022\/08\/20201125-ce-kundgebung-gegen-gewalt-an-frauen-3-2048x1365.jpg 2048w\" sizes=\"(max-width: 710px) 100vw, 710px\" \/><\/figure>\n\n\n\n<p>Der 25. November ist der Internationale Tag zur Beseitigung von Gewalt gegen Frauen.<br>Ob in der Schule, auf der Arbeit, in der Ausbildung oder in der Uni, beim Sport, beim Feiern, beim Filme gucken &#8211; t\u00e4glich begegnen uns Sexismus und \u00fcbergriffige Gewalt durch zumeist M\u00e4nner an zumeist Frauen. Das nervt.<br>Deswegen haben wir ein paar <strong>Infos<\/strong>, Statements und <strong>L\u00f6sungsans\u00e4tze<\/strong> zusammengefasst, durch die wir aufkl\u00e4ren und mit EUCH zusammen ein besseres Leben f\u00fcr alle erwirken wollen.<\/p>\n\n\n\n<p><\/p>\n\n\n\n<div data-wp-interactive=\"core\/file\" class=\"wp-block-file\"><object data-wp-bind--hidden=\"!state.hasPdfPreview\" hidden class=\"wp-block-file__embed\" data=\"https:\/\/gemeinsam-kaempfen.de\/wp-content\/uploads\/2022\/08\/20201125-offener-brief-gk-ce.pdf\" type=\"application\/pdf\" style=\"width:100%;height:600px\" aria-label=\"Einbettung von Einbettung von 20201125-offener-brief-gk-ce..\"><\/object><a id=\"wp-block-file--media-8183199e-5eca-49a3-a708-b4da9e56b3e8\" href=\"https:\/\/gemeinsam-kaempfen.de\/wp-content\/uploads\/2022\/08\/20201125-offener-brief-gk-ce.pdf\">20201125-offener-brief-gk-ce<\/a><a href=\"https:\/\/gemeinsam-kaempfen.de\/wp-content\/uploads\/2022\/08\/20201125-offener-brief-gk-ce.pdf\" class=\"wp-block-file__button\" download aria-describedby=\"wp-block-file--media-8183199e-5eca-49a3-a708-b4da9e56b3e8\">Herunterladen<\/a><\/div>\n","protected":false},"excerpt":{"rendered":"<p>25.11.2020 Der 25. November ist der Internationale Tag zur Beseitigung von Gewalt gegen Frauen.Ob in der Schule, auf der Arbeit, in der Ausbildung oder in der Uni, beim Sport, beim Feiern, beim Filme gucken &#8211; t\u00e4glich begegnen uns Sexismus und \u00fcbergriffige Gewalt durch zumeist M\u00e4nner an zumeist Frauen. Das nervt.Deswegen haben wir ein paar Infos, [&hellip;]<\/p>\n","protected":false},"author":1,"featured_media":698,"comment_status":"open","ping_status":"open","sticky":false,"template":"","format":"standard","meta":{"om_disable_all_campaigns":false,"_monsterinsights_skip_tracking":false,"_monsterinsights_sitenote_active":false,"_monsterinsights_sitenote_note":"","_monsterinsights_sitenote_category":0,"footnotes":""},"categories":[1],"tags":[],"class_list":["post-761","post","type-post","status-publish","format-standard","has-post-thumbnail","hentry","category-aktuelles"],"aioseo_notices":[],"_links":{"self":[{"href":"https:\/\/gemeinsam-kaempfen.de\/index.php?rest_route=\/wp\/v2\/posts\/761","targetHints":{"allow":["GET"]}}],"collection":[{"href":"https:\/\/gemeinsam-kaempfen.de\/index.php?rest_route=\/wp\/v2\/posts"}],"about":[{"href":"https:\/\/gemeinsam-kaempfen.de\/index.php?rest_route=\/wp\/v2\/types\/post"}],"author":[{"embeddable":true,"href":"https:\/\/gemeinsam-kaempfen.de\/index.php?rest_route=\/wp\/v2\/users\/1"}],"replies":[{"embeddable":true,"href":"https:\/\/gemeinsam-kaempfen.de\/index.php?rest_route=%2Fwp%2Fv2%2Fcomments&post=761"}],"version-history":[{"count":1,"href":"https:\/\/gemeinsam-kaempfen.de\/index.php?rest_route=\/wp\/v2\/posts\/761\/revisions"}],"predecessor-version":[{"id":763,"href":"https:\/\/gemeinsam-kaempfen.de\/index.php?rest_route=\/wp\/v2\/posts\/761\/revisions\/763"}],"wp:featuredmedia":[{"embeddable":true,"href":"https:\/\/gemeinsam-kaempfen.de\/index.php?rest_route=\/wp\/v2\/media\/698"}],"wp:attachment":[{"href":"https:\/\/gemeinsam-kaempfen.de\/index.php?rest_route=%2Fwp%2Fv2%2Fmedia&parent=761"}],"wp:term":[{"taxonomy":"category","embeddable":true,"href":"https:\/\/gemeinsam-kaempfen.de\/index.php?rest_route=%2Fwp%2Fv2%2Fcategories&post=761"},{"taxonomy":"post_tag","embeddable":true,"href":"https:\/\/gemeinsam-kaempfen.de\/index.php?rest_route=%2Fwp%2Fv2%2Ftags&post=761"}],"curies":[{"name":"wp","href":"https:\/\/api.w.org\/{rel}","templated":true}]}}