{"id":766,"date":"2022-08-24T14:59:33","date_gmt":"2022-08-24T12:59:33","guid":{"rendered":"https:\/\/gemeinsam-kaempfen.de\/?p=766"},"modified":"2022-08-24T14:59:33","modified_gmt":"2022-08-24T12:59:33","slug":"freiheit-fuer-oecalan-redebeitrag-auf-dem-langen-marsch-2021","status":"publish","type":"post","link":"https:\/\/gemeinsam-kaempfen.de\/?p=766","title":{"rendered":"Freiheit f\u00fcr \u00d6calan &#8211; Redebeitrag auf dem langen Marsch 2021"},"content":{"rendered":"\n<p><\/p>\n\n\n\n<p>08.02.2021<\/p>\n\n\n\n<p><\/p>\n\n\n\n<p>Wir sind heute als Feminist*innen auf diesem langen Marsch f\u00fcr die Freiheit Abdullah \u00d6calans, weil wir Abdullah \u00d6calan als Vordenker gro\u00dfer feministischer Ideen betrachten.&nbsp;<\/p>\n\n\n\n<p>Das mag erst mal komisch und ungewohnt klingen, vor allem aus einer feministischen Perspektive.&nbsp;<\/p>\n\n\n\n<p>Doch dies ist keine unkritische Ann\u00e4herung, sondern vielmehr eine Erkenntnis, die uns Kraft gibt.&nbsp;<\/p>\n\n\n\n<p>Denn \u00d6calan mit seinen Ideen f\u00fcr eine gesellschaftliche Organisierung, die auf Basisdemokratie, \u00d6kologie und Geschlechterbefreiung beruht, ist sein eigener gr\u00f6\u00dfter Kritiker.<\/p>\n\n\n\n<p>Und das unterscheidet ihn von anderen klugen m\u00e4nnlichen K\u00f6pfen, die dann doch immer wieder den Kampf der Frauen dem revolution\u00e4ren Prozess unterordneten &#8211; was meistens zum Disaster in den Bem\u00fchungen um ein besseres Leben f\u00fchrten.<\/p>\n\n\n\n<p>Und \u00d6calan sitzt eben auch nicht zuletzt daf\u00fcr seit \u00fcber 20 Jahren eingesperrt auf einer Gef\u00e4ngnisinsel, weil er sich f\u00fcr die Befreiung der Frauen einsetzt.&nbsp;<\/p>\n\n\n\n<p>Weil er keinen eigenen Staat f\u00fcr sein Volk fordert, weil er f\u00fcr echte Freiheit k\u00e4mpft und weil er sieht, dass das patriarchale System der Untergang f\u00fcr uns alle ist.<\/p>\n\n\n\n<p>Seine Ideen und seine Praxis waren und sind die Grundlage daf\u00fcr, dass sich in Nord- und Ostsyrien und den anderen Teilen Kurdistans Menschen basisdemokratisch organisieren und dass die tragende Kraft einer Gesellschaft im Aufbau die Frauen sind.<\/p>\n\n\n\n<p>W\u00e4hrend \u00d6calan seit Jahren Frieden predigt und Angebote und Vorschl\u00e4ge macht, versucht der t\u00fcrkische Staat weiterhin das kurdische Volk und andere Minderheiten zu vernichten.&nbsp;<\/p>\n\n\n\n<p>Deutschland finanziert diesen Krieg und setzt die&nbsp; Verfolgung der Kurd-innen hier fort.<\/p>\n\n\n\n<p>Die deutsche Polizei ist Handlangerin dieser Politik, jeden Tag gibt es auch hier Schikanen, die uns von unserer Zusammenarbeit abhalten sollen.<\/p>\n\n\n\n<p>Wir erteilen euch allen heute eine weitere Absage. Die Kraft des Widerstands ist gro\u00df, das Patriarchat hat ausgedient und Abdullah \u00d6calan ist einer von uns.<\/p>\n\n\n\n<p>Bis alle frei sind.<\/p>\n\n\n\n<p>F\u00fcr den Feminismus, jin jiyan azad\u00ee!<\/p>\n","protected":false},"excerpt":{"rendered":"<p>08.02.2021 Wir sind heute als Feminist*innen auf diesem langen Marsch f\u00fcr die Freiheit Abdullah \u00d6calans, weil wir Abdullah \u00d6calan als Vordenker gro\u00dfer feministischer Ideen betrachten.&nbsp; Das mag erst mal komisch und ungewohnt klingen, vor allem aus einer feministischen Perspektive.&nbsp; Doch dies ist keine unkritische Ann\u00e4herung, sondern vielmehr eine Erkenntnis, die uns Kraft gibt.&nbsp; Denn \u00d6calan [&hellip;]<\/p>\n","protected":false},"author":1,"featured_media":0,"comment_status":"open","ping_status":"open","sticky":false,"template":"","format":"standard","meta":{"om_disable_all_campaigns":false,"_monsterinsights_skip_tracking":false,"_monsterinsights_sitenote_active":false,"_monsterinsights_sitenote_note":"","_monsterinsights_sitenote_category":0,"footnotes":""},"categories":[1],"tags":[],"class_list":["post-766","post","type-post","status-publish","format-standard","hentry","category-aktuelles"],"aioseo_notices":[],"_links":{"self":[{"href":"https:\/\/gemeinsam-kaempfen.de\/index.php?rest_route=\/wp\/v2\/posts\/766","targetHints":{"allow":["GET"]}}],"collection":[{"href":"https:\/\/gemeinsam-kaempfen.de\/index.php?rest_route=\/wp\/v2\/posts"}],"about":[{"href":"https:\/\/gemeinsam-kaempfen.de\/index.php?rest_route=\/wp\/v2\/types\/post"}],"author":[{"embeddable":true,"href":"https:\/\/gemeinsam-kaempfen.de\/index.php?rest_route=\/wp\/v2\/users\/1"}],"replies":[{"embeddable":true,"href":"https:\/\/gemeinsam-kaempfen.de\/index.php?rest_route=%2Fwp%2Fv2%2Fcomments&post=766"}],"version-history":[{"count":1,"href":"https:\/\/gemeinsam-kaempfen.de\/index.php?rest_route=\/wp\/v2\/posts\/766\/revisions"}],"predecessor-version":[{"id":767,"href":"https:\/\/gemeinsam-kaempfen.de\/index.php?rest_route=\/wp\/v2\/posts\/766\/revisions\/767"}],"wp:attachment":[{"href":"https:\/\/gemeinsam-kaempfen.de\/index.php?rest_route=%2Fwp%2Fv2%2Fmedia&parent=766"}],"wp:term":[{"taxonomy":"category","embeddable":true,"href":"https:\/\/gemeinsam-kaempfen.de\/index.php?rest_route=%2Fwp%2Fv2%2Fcategories&post=766"},{"taxonomy":"post_tag","embeddable":true,"href":"https:\/\/gemeinsam-kaempfen.de\/index.php?rest_route=%2Fwp%2Fv2%2Ftags&post=766"}],"curies":[{"name":"wp","href":"https:\/\/api.w.org\/{rel}","templated":true}]}}