{"id":782,"date":"2022-08-24T15:13:27","date_gmt":"2022-08-24T13:13:27","guid":{"rendered":"https:\/\/gemeinsam-kaempfen.de\/?p=782"},"modified":"2022-08-24T15:13:27","modified_gmt":"2022-08-24T13:13:27","slug":"feministische-solidaritaet-mit-dem-kurdischen-widerstand","status":"publish","type":"post","link":"https:\/\/gemeinsam-kaempfen.de\/?p=782","title":{"rendered":"Feministische Solidarit\u00e4t mit dem kurdischen Widerstand"},"content":{"rendered":"\n<p><\/p>\n\n\n\n<p>24.04.2022<\/p>\n\n\n\n<p><\/p>\n\n\n\n<p><strong>Als feministische Organisierung \u201eGemeinsam k\u00e4mpfen! F\u00fcr Selbstbestimmung und Demokratische Autonomie\u201c verurteilen wir den aktuellen Angriffskrieg gegen die kurdische Bev\u00f6lkerung und rufen zum Widerstand auf. Es ist inakzeptabel, dass die Medien und die Welt\u00f6ffentlichkeit schweigend zusehen, wie ein Vernichtungskrieg gegen die Kurd:innen gef\u00fchrt wird.<\/strong><\/p>\n\n\n\n<figure class=\"wp-block-image size-full\"><img fetchpriority=\"high\" decoding=\"async\" width=\"990\" height=\"500\" src=\"https:\/\/gemeinsam-kaempfen.de\/wp-content\/uploads\/2022\/08\/signal-2022-04-24-202620_001-1.jpeg\" alt=\"\" class=\"wp-image-701\" srcset=\"https:\/\/gemeinsam-kaempfen.de\/wp-content\/uploads\/2022\/08\/signal-2022-04-24-202620_001-1.jpeg 990w, https:\/\/gemeinsam-kaempfen.de\/wp-content\/uploads\/2022\/08\/signal-2022-04-24-202620_001-1-300x152.jpeg 300w, https:\/\/gemeinsam-kaempfen.de\/wp-content\/uploads\/2022\/08\/signal-2022-04-24-202620_001-1-768x388.jpeg 768w\" sizes=\"(max-width: 990px) 100vw, 990px\" \/><\/figure>\n\n\n\n<p>Zunehmend zeigt der t\u00fcrkische Staat faschistoide Tendenzen, wodurch die M\u00f6glichkeit einer politischen L\u00f6sung des Konflikts immer weiter in die Ferne r\u00fcckt. Es gibt keine freie Presse mehr, zehntausende Oppositionelle sind in Haft, Wahlen werden gef\u00e4lscht. In diesem Moment finden in drei Teilen Kurdistans zeitgleich milit\u00e4rische Angriffe auf einem extrem hohen Niveau statt.<br>In der nordirakischen Autonomieregion Kurdistan wurden innerhalb von f\u00fcnf Tagen fast 200 Luftschl\u00e4ge durch die t\u00fcrkische Armee ver\u00fcbt und allein in der Region \u015e\u00eeladiz\u00ea, sind nur noch sieben von 93 D\u00f6rfern bewohnt. Auch an der t\u00fcrkisch-iranischen Staatsgrenze finden Bombardements durch die t\u00fcrkische Luftwaffe statt.<br>Erneut haben die Drohnen- sowie Artillerieangriffe auch auf nordost-syrischem Gebiet zugenommen. Erst am Mittwoch wurden drei unserer Freundinnen, K\u00e4mpferinnen der Frauenverteidigungseinheiten YPJ (Dilar, Ronah\u00ee und Koban\u00ea) durch einen grenz\u00fcberschreitenden, v\u00f6lkerrechtswidrigen Drohnenangriff in Koban\u00ea get\u00f6tet. Insbesondere die Stadt Koban\u00ea steht symbolisch f\u00fcr den erfolgreichen Widerstand gegen den selbsternannten \u201eIslamischen Staat\u201c. Hier fand der erste Sieg gegen den &#8222;IS&#8220; statt, ein Kampf, der \u00fcber 14.000 Menschen das Leben kostete. Die K\u00e4mpferinnen der YPJ standen an vorderster Front in Koban\u00ea.<br>Die Unterst\u00fctzung f\u00fcr den sogenannten Islamischen Staat seitens der Erdo\u011fan-Regierung ist bekannt, es ist deutlich, dass das Regime direkt mit dem &#8222;IS&#8220; zusammenarbeitet, wie zuletzt beim Ausbruchversuch von IS-K\u00e4mpfern in Heseke, der durch t\u00fcrkische Luftschl\u00e4ge unterst\u00fctzt wurde.&nbsp;Der Angriff auf Koban\u00ea und die Ermordung der drei jungen Frauen ist ein Angriff sowohl auf den Widerstand von Frauen als auch auf den Kampf gegen den &#8222;IS&#8220;.&nbsp;Die milit\u00e4rischen Angriffe treffen die Zivilbev\u00f6lkerung in unbeschreiblichem Ausma\u00df.<\/p>\n\n\n\n<p>Neben dem t\u00fcrkischen Staat sind der irakische Staat sowie die kurdische Partei KDP weitere Aggressoren. Die KDP hat sich inzwischen vollkommen der T\u00fcrkei unterworfen und beteiligt sich daran, dass das Land der Kurd:innen durch Erdogans Truppen besetzt wird, wie schon zuvor Afr\u00een und Ser\u00eakaniye.&nbsp;Die Region Shingal (letztes Siedlungsgebiet der Ezid:innen) wird aktuell von der irakischen Armee angegriffen, wobei unsere Freundin, die YJ\u015e-K\u00e4mpferin Fara\u015f\u00een \u015eengal\u00ee get\u00f6tet wurde. Der irakische Staat versucht die Selbstverteidigungskr\u00e4fte der Ezid:innen zu entwaffnen, wodurch sie wieder der Schutzlosigkeit gegen\u00fcber Genoziden ausgesetzt w\u00e4ren.<\/p>\n\n\n\n<p>Die Intensit\u00e4t der psychologischen und infrastrukturellen Kriegsf\u00fchrung steht der milit\u00e4rischen nicht nach. An allen Staatsgrenzen, die Kurdistan zerteilen, werden meterhohe Mauern errichtet, um die Zivilbev\u00f6lkerung voneinander zu trennen. Insbesondere in der Region Shingal entspricht dies auch einer psychischen Fortf\u00fchrung des seit 2014 durch den \u201eIS\u201c anhaltend ver\u00fcbten Genozid und Feminizid. So war der durch HPG- und YPG-\/YPJ-Einheiten eingerichtete und besch\u00fctzte Fluchtkorridor f\u00fcr die im Hochsommer im Zerde\u015ft-Gebirge eingeschlossenen Ezid:innen die einzige M\u00f6glichkeit, sich in Sicherheit zu bringen.&nbsp;<\/p>\n\n\n\n<p>Der v\u00f6lkerrechtswidrige Angriffskrieg des russischen Staates darf uns nicht blind machen f\u00fcr andere Gr\u00e4ueltaten auf der Welt. Krieg ist Ausdruck des patriarchalen Systems, \u00fcberall. Bei dem aktuellen Vernichtungskrieg gegen die progressivste Kraft im Mittleren Osten, die kurdische Bewegung, soll auch unser Traum von einer anderen Welt, zerbombt und vernichtet werden, ohne R\u00fccksicht auf Mensch und Natur. Die Revolution in Rojava, der Versuch eine geschlechtergerechte, \u00f6kologische und vielf\u00e4ltige Gesellschaft aufzubauen, soll nicht weiter existieren und damit unsere Hoffnung auf eine andere Welt im Keim erstickt werden.&nbsp;<\/p>\n\n\n\n<p><strong>Wir rufen daher alle Menschen, alle progressiven Kr\u00e4fte, alle FrauenLesbenInterNonbinaryTrans dazu auf, sofort aktiv zu werden. Beteiligt euch an den Aktionen in eurer Stadt oder initiiert selbst welche. Informiert Menschen \u00fcber diesen Krieg, geht in Diskussion, zeigt Protest und Solidarit\u00e4t.<\/strong><\/p>\n\n\n\n<p><strong>Lassen wir die k\u00e4mpfenden Frauen nicht allein, eine andere Welt ist m\u00f6glich!<\/strong><\/p>\n","protected":false},"excerpt":{"rendered":"<p>24.04.2022 Als feministische Organisierung \u201eGemeinsam k\u00e4mpfen! F\u00fcr Selbstbestimmung und Demokratische Autonomie\u201c verurteilen wir den aktuellen Angriffskrieg gegen die kurdische Bev\u00f6lkerung und rufen zum Widerstand auf. Es ist inakzeptabel, dass die Medien und die Welt\u00f6ffentlichkeit schweigend zusehen, wie ein Vernichtungskrieg gegen die Kurd:innen gef\u00fchrt wird. Zunehmend zeigt der t\u00fcrkische Staat faschistoide Tendenzen, wodurch die M\u00f6glichkeit einer [&hellip;]<\/p>\n","protected":false},"author":1,"featured_media":0,"comment_status":"open","ping_status":"open","sticky":false,"template":"","format":"standard","meta":{"om_disable_all_campaigns":false,"_monsterinsights_skip_tracking":false,"_monsterinsights_sitenote_active":false,"_monsterinsights_sitenote_note":"","_monsterinsights_sitenote_category":0,"footnotes":""},"categories":[1],"tags":[],"class_list":["post-782","post","type-post","status-publish","format-standard","hentry","category-aktuelles"],"aioseo_notices":[],"_links":{"self":[{"href":"https:\/\/gemeinsam-kaempfen.de\/index.php?rest_route=\/wp\/v2\/posts\/782","targetHints":{"allow":["GET"]}}],"collection":[{"href":"https:\/\/gemeinsam-kaempfen.de\/index.php?rest_route=\/wp\/v2\/posts"}],"about":[{"href":"https:\/\/gemeinsam-kaempfen.de\/index.php?rest_route=\/wp\/v2\/types\/post"}],"author":[{"embeddable":true,"href":"https:\/\/gemeinsam-kaempfen.de\/index.php?rest_route=\/wp\/v2\/users\/1"}],"replies":[{"embeddable":true,"href":"https:\/\/gemeinsam-kaempfen.de\/index.php?rest_route=%2Fwp%2Fv2%2Fcomments&post=782"}],"version-history":[{"count":1,"href":"https:\/\/gemeinsam-kaempfen.de\/index.php?rest_route=\/wp\/v2\/posts\/782\/revisions"}],"predecessor-version":[{"id":783,"href":"https:\/\/gemeinsam-kaempfen.de\/index.php?rest_route=\/wp\/v2\/posts\/782\/revisions\/783"}],"wp:attachment":[{"href":"https:\/\/gemeinsam-kaempfen.de\/index.php?rest_route=%2Fwp%2Fv2%2Fmedia&parent=782"}],"wp:term":[{"taxonomy":"category","embeddable":true,"href":"https:\/\/gemeinsam-kaempfen.de\/index.php?rest_route=%2Fwp%2Fv2%2Fcategories&post=782"},{"taxonomy":"post_tag","embeddable":true,"href":"https:\/\/gemeinsam-kaempfen.de\/index.php?rest_route=%2Fwp%2Fv2%2Ftags&post=782"}],"curies":[{"name":"wp","href":"https:\/\/api.w.org\/{rel}","templated":true}]}}