{"id":855,"date":"2022-08-24T16:33:28","date_gmt":"2022-08-24T14:33:28","guid":{"rendered":"https:\/\/gemeinsam-kaempfen.de\/?p=855"},"modified":"2022-08-24T16:33:28","modified_gmt":"2022-08-24T14:33:28","slug":"unsere-feministische-antwort-auf-krieg-und-patriarchat-ist-aufwiegelung-und-verrat","status":"publish","type":"post","link":"https:\/\/gemeinsam-kaempfen.de\/?p=855","title":{"rendered":"Unsere feministische Antwort auf Krieg und Patriarchat ist Aufwiegelung und Verrat"},"content":{"rendered":"\n<p><\/p>\n\n\n\n<p>Statement der Autonom feministischen Organisierung im B\u00fcndnis Rheinmetall Entwaffnen, 15.08.2022<\/p>\n\n\n\n<figure class=\"wp-block-image size-full\"><img fetchpriority=\"high\" decoding=\"async\" width=\"768\" height=\"230\" src=\"https:\/\/gemeinsam-kaempfen.de\/wp-content\/uploads\/2022\/08\/kommunique5-768x230-1.jpg\" alt=\"\" class=\"wp-image-856\" srcset=\"https:\/\/gemeinsam-kaempfen.de\/wp-content\/uploads\/2022\/08\/kommunique5-768x230-1.jpg 768w, https:\/\/gemeinsam-kaempfen.de\/wp-content\/uploads\/2022\/08\/kommunique5-768x230-1-300x90.jpg 300w\" sizes=\"(max-width: 768px) 100vw, 768px\" \/><\/figure>\n\n\n\n<p>Der Kampf gegen Militarismus und Krieg braucht eine feministische Perspektive auf Befreiung: Krieg und patriarchale Gewalt sind aufs Engste miteinander verwoben. Die feministische Antwort darauf ist Aufwiegelung und Verrat! Aufwiegelung gegen und Verrat an der milit\u00e4rischen Logik als zentrales Moment von patriarchalen und kapitalistischen Strukturen. Antimilitaristische Positionen sind nur konsequent, wenn sie das Patriarchat in Frage stellen.<\/p>\n\n\n\n<p>Frauenfeindliche Gewalt, Feminizide, Vergewaltigung und \u201eprivate\u201c Gewalt sind von ihrem Ausma\u00df her ein unerkl\u00e4rter Krieg gegen Frauen*. Krieg und Besatzung bedeuten immer die extreme Versch\u00e4rfung patriarchaler Gewalt und Rollenmuster. Die massenhafte Vergewaltigung von Frauen als Kriegsstrategie zieht sich durch die gesamte Geschichte. Gleichzeitig kann es Vergewaltigung als Kriegswaffe nur geben, weil Vergewaltigung zum patriarchalen Alltag geh\u00f6rt. Ohne den Blick auf diesen Alltag und seine staatliche Gewalt gibt es keine Analyse von Krieg.<\/p>\n\n\n\n<p>Als Feminist*innen stehen wir entschieden gegen jede Aufspaltung in ein \u201eWir\u201c und \u201edie Anderen\u201c. Diese Aufspaltung ist die Voraussetzung nicht nur f\u00fcr patriarchale Zuschreibungen, sondern auch f\u00fcr jede Form von Rassismus, Kolonialismus, f\u00fcr Nationalismus und Abschottung, f\u00fcr Militarisierung und Krieg. Eine feministische Perspektive antimilitaristischer Politik verbindet soziale und \u00f6kologische Fragen, Geschlechterverh\u00e4ltnisse und -zuschreibungen, Gewalt gegen Frauen und Queers, Hierarchisierung von Menschen, und macht den Alltag zum Themenfeld unserer Politik. Hierbei ist es f\u00fcr uns als Feminist*innen in Westeuropa grundlegend, dabei auch eine antikolonialistische Perspektive einzunehmen. Der westeurop\u00e4ische Alltag mit seinem Wohlstand ist auf der Ausbeutung kolonialisierter L\u00e4nder und Menschen aufgebaut. Diese Kopplungen werden wir sichtbar machen \u2013 auch in unseren Aktionen.<\/p>\n\n\n\n<p>Eine Perspektive ist f\u00fcr uns der Aufbau einer befreiten Gesellschaft in Rojava\/Nordostsyrien. Seit dem 17. April f\u00fchrt das t\u00fcrkische Milit\u00e4r einen brutalen Angriffskrieg, der hier keinerlei gesellschaftlichen Aufschrei und fast keine mediale Aufmerksamkeit erh\u00e4lt. Dieser wird auch mit Giftgas sowohl gegen kurdische Gebiete in Sengal im Nordirak als auch gegen Rojava gef\u00fchrt: Die Menschen dort, die unter gleichberechtigter Beteiligung der Frauen* eine geschlechterbefreite Gesellschaft aufbauen, brauchen dringend unsere entschiedene, feministische Solidarit\u00e4t!<\/p>\n\n\n\n<p>Lasst uns aus feministischer Perspektive gegen Militarismus und Krieg auf die Stra\u00dfe gehen! F\u00fcr geschlechterbefreite Gesellschaft, f\u00fcr Basisdemokratie, f\u00fcr \u00d6kologie und Klimagerechtigkeit. Gegen alle Grenzen. Gegen alle Imperien. Gegen alle Kriege!<\/p>\n\n\n\n<p>Kommt zum Camp in Kassel von RheinmetallEntwaffnen vom 30. August bis 4. September 2022: Bringt eure Erfahrungen, Ideen und eure Sehnsucht nach Befreiung mit. Teilt mit uns Kollektivit\u00e4t, Bildung, Diskussion, Vernetzung und widerst\u00e4ndige Aktionen gegen die R\u00fcstungsproduktion mitten in der Stadt!<\/p>\n\n\n\n<p><em>Autonom feministische Organisierung im B\u00fcndnis Rheinmetall Entwaffnen, <\/em><em>15. August 2022<\/em><\/p>\n\n\n\n<p>*Der Begriff Frauen wird hier nicht biologisch genutzt. Die politische Nutzung des Begriffs \u201eFrauen\u201c ist notwendig aufgrund der direkten und strukturellen Gewalt im Patriarchat, die aufgebaut ist auf \u201eZweigeschlechtlichkeit\u201c und der entsprechenden Zurichtung. Die beschriebenen Gewaltstrukturen im Patriarchat richten sich auch gegen Personen, die nicht in eine Zweigeschlechtlichkeit passen (wollen).<\/p>\n","protected":false},"excerpt":{"rendered":"<p>Statement der Autonom feministischen Organisierung im B\u00fcndnis Rheinmetall Entwaffnen, 15.08.2022 Der Kampf gegen Militarismus und Krieg braucht eine feministische Perspektive auf Befreiung: Krieg und patriarchale Gewalt sind aufs Engste miteinander verwoben. Die feministische Antwort darauf ist Aufwiegelung und Verrat! Aufwiegelung gegen und Verrat an der milit\u00e4rischen Logik als zentrales Moment von patriarchalen und kapitalistischen Strukturen. [&hellip;]<\/p>\n","protected":false},"author":1,"featured_media":857,"comment_status":"open","ping_status":"open","sticky":false,"template":"","format":"standard","meta":{"om_disable_all_campaigns":false,"_monsterinsights_skip_tracking":false,"_monsterinsights_sitenote_active":false,"_monsterinsights_sitenote_note":"","_monsterinsights_sitenote_category":0,"footnotes":""},"categories":[1],"tags":[],"class_list":["post-855","post","type-post","status-publish","format-standard","has-post-thumbnail","hentry","category-aktuelles"],"aioseo_notices":[],"_links":{"self":[{"href":"https:\/\/gemeinsam-kaempfen.de\/index.php?rest_route=\/wp\/v2\/posts\/855","targetHints":{"allow":["GET"]}}],"collection":[{"href":"https:\/\/gemeinsam-kaempfen.de\/index.php?rest_route=\/wp\/v2\/posts"}],"about":[{"href":"https:\/\/gemeinsam-kaempfen.de\/index.php?rest_route=\/wp\/v2\/types\/post"}],"author":[{"embeddable":true,"href":"https:\/\/gemeinsam-kaempfen.de\/index.php?rest_route=\/wp\/v2\/users\/1"}],"replies":[{"embeddable":true,"href":"https:\/\/gemeinsam-kaempfen.de\/index.php?rest_route=%2Fwp%2Fv2%2Fcomments&post=855"}],"version-history":[{"count":1,"href":"https:\/\/gemeinsam-kaempfen.de\/index.php?rest_route=\/wp\/v2\/posts\/855\/revisions"}],"predecessor-version":[{"id":858,"href":"https:\/\/gemeinsam-kaempfen.de\/index.php?rest_route=\/wp\/v2\/posts\/855\/revisions\/858"}],"wp:featuredmedia":[{"embeddable":true,"href":"https:\/\/gemeinsam-kaempfen.de\/index.php?rest_route=\/wp\/v2\/media\/857"}],"wp:attachment":[{"href":"https:\/\/gemeinsam-kaempfen.de\/index.php?rest_route=%2Fwp%2Fv2%2Fmedia&parent=855"}],"wp:term":[{"taxonomy":"category","embeddable":true,"href":"https:\/\/gemeinsam-kaempfen.de\/index.php?rest_route=%2Fwp%2Fv2%2Fcategories&post=855"},{"taxonomy":"post_tag","embeddable":true,"href":"https:\/\/gemeinsam-kaempfen.de\/index.php?rest_route=%2Fwp%2Fv2%2Ftags&post=855"}],"curies":[{"name":"wp","href":"https:\/\/api.w.org\/{rel}","templated":true}]}}