{"id":885,"date":"2022-09-04T15:14:17","date_gmt":"2022-09-04T13:14:17","guid":{"rendered":"https:\/\/gemeinsam-kaempfen.de\/?p=885"},"modified":"2022-09-04T15:14:17","modified_gmt":"2022-09-04T13:14:17","slug":"stellungnahme-zum-mord-an-malte-c","status":"publish","type":"post","link":"https:\/\/gemeinsam-kaempfen.de\/?p=885","title":{"rendered":"Stellungnahme zum Mord an Malte C."},"content":{"rendered":"\n<p><\/p>\n\n\n\n<p>2.9.2022, Redebeitrag<\/p>\n\n\n\n<p><\/p>\n\n\n\n<p>Malte ist heute Morgen in einem Krankenhaus verstorben. Er wurde am Samstag auf dem CSD in M\u00fcnster trans- und queerfeindlich angegriffen und lag seitdem im Koma. Als zwei lesbische Frauen von einem Angreifer queerfeindlich beleidigt wurden, ging er dazwischen und wurde daraufhin von ihm attackiert.<br>Dieser Fall zeigt wieder, dass Trans- und Queerfeindlichkeit ein ernstzunehmendes Problem in unserer Gesellschaft ist, welches im schlimmsten Fall t\u00f6dlich enden kann.<br>Dass diese Formen von Gewalt weltweit ind in Deutschland trauriger Alltag sind, liegt einerseits in der Geschichte begr\u00fcndet und in zunehmender autorit\u00e4rer Formung von Staat und Gesellschaft.<br>Malte wurde auf einem CSD ermordet. Wenn wir uns die Entstehungsgeschichte anschauen, sehen wir das queere Menschen schon lang erkannt haben, dass Befreiung bedeutet Solidarit\u00e4tsstrukturen in der eigenen Community aufzubauen um sich gegen Angriffe verteidigen zu k\u00f6nnen &#8211; auch und insbesondere gegen die Bullen.<br>Staatliche Beh\u00f6rden bedeuten f\u00fcr Menschen die von trans- und queerfeindlichkeit betroffen sind meist weder Sicherheit noch Gerechtigkeit. Personen, die mehrfacher Diskriminierung, wie z.B. Rassismus ausgesetzt sind, trifft es meist noch h\u00e4rter.<br>Wir sehen in diesem Mord auch den Versuch einer Disziplinierung, Unterwerfung und Kontrolle \u00fcber all diejenigen, die sich nicht an die Geschlechternormen dieser Gesellschaft anpassen.<br>Wir k\u00f6nnen auf eine lange Geschichte von Widerstand und Selbstorganisierung dagegen zur\u00fcckblicken &#8211; weltweit. Und auch heute hei\u00dft unsere Perspektive internationalistische Solidarit\u00e4t und den Aufbau von Selbstverteidigungsstrukturen. In diesem Sinne wollen wir auch Malte gedenken <\/p>\n\n\n\n<p>&#8211; Rest in Power.<\/p>\n","protected":false},"excerpt":{"rendered":"<p>2.9.2022, Redebeitrag Malte ist heute Morgen in einem Krankenhaus verstorben. Er wurde am Samstag auf dem CSD in M\u00fcnster trans- und queerfeindlich angegriffen und lag seitdem im Koma. Als zwei lesbische Frauen von einem Angreifer queerfeindlich beleidigt wurden, ging er dazwischen und wurde daraufhin von ihm attackiert.Dieser Fall zeigt wieder, dass Trans- und Queerfeindlichkeit ein [&hellip;]<\/p>\n","protected":false},"author":1,"featured_media":886,"comment_status":"open","ping_status":"open","sticky":false,"template":"","format":"standard","meta":{"om_disable_all_campaigns":false,"_monsterinsights_skip_tracking":false,"_monsterinsights_sitenote_active":false,"_monsterinsights_sitenote_note":"","_monsterinsights_sitenote_category":0,"footnotes":""},"categories":[1],"tags":[],"class_list":["post-885","post","type-post","status-publish","format-standard","has-post-thumbnail","hentry","category-aktuelles"],"aioseo_notices":[],"_links":{"self":[{"href":"https:\/\/gemeinsam-kaempfen.de\/index.php?rest_route=\/wp\/v2\/posts\/885","targetHints":{"allow":["GET"]}}],"collection":[{"href":"https:\/\/gemeinsam-kaempfen.de\/index.php?rest_route=\/wp\/v2\/posts"}],"about":[{"href":"https:\/\/gemeinsam-kaempfen.de\/index.php?rest_route=\/wp\/v2\/types\/post"}],"author":[{"embeddable":true,"href":"https:\/\/gemeinsam-kaempfen.de\/index.php?rest_route=\/wp\/v2\/users\/1"}],"replies":[{"embeddable":true,"href":"https:\/\/gemeinsam-kaempfen.de\/index.php?rest_route=%2Fwp%2Fv2%2Fcomments&post=885"}],"version-history":[{"count":1,"href":"https:\/\/gemeinsam-kaempfen.de\/index.php?rest_route=\/wp\/v2\/posts\/885\/revisions"}],"predecessor-version":[{"id":887,"href":"https:\/\/gemeinsam-kaempfen.de\/index.php?rest_route=\/wp\/v2\/posts\/885\/revisions\/887"}],"wp:featuredmedia":[{"embeddable":true,"href":"https:\/\/gemeinsam-kaempfen.de\/index.php?rest_route=\/wp\/v2\/media\/886"}],"wp:attachment":[{"href":"https:\/\/gemeinsam-kaempfen.de\/index.php?rest_route=%2Fwp%2Fv2%2Fmedia&parent=885"}],"wp:term":[{"taxonomy":"category","embeddable":true,"href":"https:\/\/gemeinsam-kaempfen.de\/index.php?rest_route=%2Fwp%2Fv2%2Fcategories&post=885"},{"taxonomy":"post_tag","embeddable":true,"href":"https:\/\/gemeinsam-kaempfen.de\/index.php?rest_route=%2Fwp%2Fv2%2Ftags&post=885"}],"curies":[{"name":"wp","href":"https:\/\/api.w.org\/{rel}","templated":true}]}}