{"id":925,"date":"2022-12-01T21:44:56","date_gmt":"2022-12-01T20:44:56","guid":{"rendered":"https:\/\/gemeinsam-kaempfen.de\/?p=925"},"modified":"2022-12-01T21:45:24","modified_gmt":"2022-12-01T20:45:24","slug":"aufruf-zur-beteiligung-an-der-kampagne-women-defend-rojava","status":"publish","type":"post","link":"https:\/\/gemeinsam-kaempfen.de\/?p=925","title":{"rendered":"Aufruf zur Beteiligung an der Kampagne \u201eWomen Defend Rojava\u201c"},"content":{"rendered":"\n<h3 class=\"wp-block-heading\"><strong>Werdet aktiv zur Verteidigung der Frauenrevolution in Rojava, im Iran und \u00fcberall \u2013 jetzt und vielf\u00e4ltig<\/strong><\/h3>\n\n\n\n<p>In Rojava (Westkurdistan)\/Nord- und Ostsyrien, der autonomen selbstverwalteten Region, f\u00fchrt die T\u00fcrkei einen seit dem 19. November massiv ausgeweiteten Krieg gegen die Verwirklichung der Frauenrevolution. Auch in Ostkurdistan und dem gesamten Iran ist die Gesellschaft, die sich im unbeugsamen Aufbruch einer Frauenrevolution befindet, mit einem internen Krieg des iranischen Regimes zum Machterhalt konfrontiert.<\/p>\n\n\n\n<p>Zudem gehen in S\u00fcdkurdistan die Angriffe des t\u00fcrkischen Staates auf die kurdische Freiheitsbewegung weiter. Bereits seit April werden Angriffe mit massivem Einsatz von Chemiewaffen und Giftgas ver\u00fcbt. In der s\u00fcdkurdischen Gesellschaft t\u00e4tige Aktivist*innen werden gezielt ermordet wie zuletzt die Jineoloj\u00ee Wissenschaftlerin Nagihan Akarsel. Diese femizidale Praxis richtet sich gegen den Aufbruch f\u00fcr ein selbstbestimmtes, befreites Leben. Deshalb sind wir und Bewegungen weltweit auf der Stra\u00dfe um gegen Femizide zu demonstrieren, deshalb hat die Ermordung von Jina Amini den Aufstand im Iran ausgel\u00f6st. Es geht um die Verteidigung des freien Lebens.<\/p>\n\n\n\n<p>Die Frauenrevolutionen in Rojava und im Iran sind kraftvoll und zeigen uns die M\u00f6glichkeit einer Alternative zu patriarchaler Einsch\u00fcchterung, Ungleichheit und Gewalt. Auch der Widerstand in den freien Bergen S\u00fcdkurdistans und der Kampf der politischen Gefangenen geben uns Kraft. Es sind Revolutionen, die in verschiedenen Teilen Kurdistans und weit dar\u00fcber hinaus stattfinden und sie k\u00e4mpfen mit demselben Geist. Dem Geist des Slogans \u201eJin Jiyan Azad\u00ee\u201c.<\/p>\n\n\n\n<p><a><\/a> Wir arbeiten auch hier an einer starken Organisierung von Frauen und Menschen weiterer unterdr\u00fcckter Geschlechter f\u00fcr einen Aufschrei gegen Feminizid, Erniedrigung, Vereinzelung und Naturfeindlichkeit. Aktuell braucht es unsere Organisierung vor allem auch daf\u00fcr, die Bombardierungen und Besatzungspl\u00e4ne der T\u00fcrkei zu stoppen. Die Gesellschaften Kurdistans brauchen uns an ihrer Seite, um ihr selbstbestimmtes Leben zu verteidigen. Und wir brauchen die Revolution Kurdistans, die uns ein wichtiger Ankerpunkt und Vorbild ist. Weil wir mit dem gleichen Geist k\u00e4mpfen und wieder einmal deutlich erkennen: unsere K\u00e4mpfe sind nicht getrennt voneinander, waren es nie und werden es nie sein.<\/p>\n\n\n\n<p>Dementsprechend rufen wir als \u201eGemeinsam K\u00e4mpfen\u201c dazu auf: Beteiligt euch an der Kampagne Women Defend Rojava. Tretet in Kontakt mit eurem lokalen Women Defend Rojava Komitee. Wenn es dieses nicht gibt, so gr\u00fcndet eines, wendet euch an die Kampagne Women Defend Rojava, organisiert gemeinsam Aktionen und bringt unsere Kraft und unsere Wut zum Ausdruck.<\/p>\n\n\n\n<p>Informiert euch, werdet aktiv und stellt euch an die Seite der Frauenrevolution in Nord- und Ostsyrien, sowie der Frauenrevolution in Rojhilat (Ostkurdistan) und im Iran. Jede kleine, sichtbare Initiative, jeder Zusammenschluss um feministische Solidarit\u00e4t zu zeigen, ist von gro\u00dfer Bedeutung. Denn es gilt weiterhin: unsere Organisierung ist die Grundlage zur Selbstverteidigung.<\/p>\n\n\n\n<p>Gemeinsam K\u00e4mpfen &#8211; Seite an Seite mit der Frauenrevolution im Iran und in Rojava<\/p>\n\n\n\n<p>Jin-Jiyan-Azad\u00ee \u2013 gemeinsam verteidigen wir das Leben<\/p>\n\n\n\n<figure class=\"wp-block-image size-large\"><img fetchpriority=\"high\" decoding=\"async\" width=\"1024\" height=\"1024\" src=\"https:\/\/gemeinsam-kaempfen.de\/wp-content\/uploads\/2022\/12\/signal-2022-12-01-192715_005-1024x1024.png\" alt=\"\" class=\"wp-image-926\" srcset=\"https:\/\/gemeinsam-kaempfen.de\/wp-content\/uploads\/2022\/12\/signal-2022-12-01-192715_005-1024x1024.png 1024w, https:\/\/gemeinsam-kaempfen.de\/wp-content\/uploads\/2022\/12\/signal-2022-12-01-192715_005-300x300.png 300w, https:\/\/gemeinsam-kaempfen.de\/wp-content\/uploads\/2022\/12\/signal-2022-12-01-192715_005-150x150.png 150w, https:\/\/gemeinsam-kaempfen.de\/wp-content\/uploads\/2022\/12\/signal-2022-12-01-192715_005-768x768.png 768w, https:\/\/gemeinsam-kaempfen.de\/wp-content\/uploads\/2022\/12\/signal-2022-12-01-192715_005.png 1080w\" sizes=\"(max-width: 1024px) 100vw, 1024px\" \/><\/figure>\n","protected":false},"excerpt":{"rendered":"<p>Werdet aktiv zur Verteidigung der Frauenrevolution in Rojava, im Iran und \u00fcberall \u2013 jetzt und vielf\u00e4ltig In Rojava (Westkurdistan)\/Nord- und Ostsyrien, der autonomen selbstverwalteten Region, f\u00fchrt die T\u00fcrkei einen seit dem 19. November massiv ausgeweiteten Krieg gegen die Verwirklichung der Frauenrevolution. Auch in Ostkurdistan und dem gesamten Iran ist die Gesellschaft, die sich im unbeugsamen [&hellip;]<\/p>\n","protected":false},"author":1,"featured_media":927,"comment_status":"open","ping_status":"open","sticky":false,"template":"","format":"standard","meta":{"om_disable_all_campaigns":false,"_monsterinsights_skip_tracking":false,"_monsterinsights_sitenote_active":false,"_monsterinsights_sitenote_note":"","_monsterinsights_sitenote_category":0,"footnotes":""},"categories":[1],"tags":[],"class_list":["post-925","post","type-post","status-publish","format-standard","has-post-thumbnail","hentry","category-aktuelles"],"aioseo_notices":[],"_links":{"self":[{"href":"https:\/\/gemeinsam-kaempfen.de\/index.php?rest_route=\/wp\/v2\/posts\/925","targetHints":{"allow":["GET"]}}],"collection":[{"href":"https:\/\/gemeinsam-kaempfen.de\/index.php?rest_route=\/wp\/v2\/posts"}],"about":[{"href":"https:\/\/gemeinsam-kaempfen.de\/index.php?rest_route=\/wp\/v2\/types\/post"}],"author":[{"embeddable":true,"href":"https:\/\/gemeinsam-kaempfen.de\/index.php?rest_route=\/wp\/v2\/users\/1"}],"replies":[{"embeddable":true,"href":"https:\/\/gemeinsam-kaempfen.de\/index.php?rest_route=%2Fwp%2Fv2%2Fcomments&post=925"}],"version-history":[{"count":2,"href":"https:\/\/gemeinsam-kaempfen.de\/index.php?rest_route=\/wp\/v2\/posts\/925\/revisions"}],"predecessor-version":[{"id":929,"href":"https:\/\/gemeinsam-kaempfen.de\/index.php?rest_route=\/wp\/v2\/posts\/925\/revisions\/929"}],"wp:featuredmedia":[{"embeddable":true,"href":"https:\/\/gemeinsam-kaempfen.de\/index.php?rest_route=\/wp\/v2\/media\/927"}],"wp:attachment":[{"href":"https:\/\/gemeinsam-kaempfen.de\/index.php?rest_route=%2Fwp%2Fv2%2Fmedia&parent=925"}],"wp:term":[{"taxonomy":"category","embeddable":true,"href":"https:\/\/gemeinsam-kaempfen.de\/index.php?rest_route=%2Fwp%2Fv2%2Fcategories&post=925"},{"taxonomy":"post_tag","embeddable":true,"href":"https:\/\/gemeinsam-kaempfen.de\/index.php?rest_route=%2Fwp%2Fv2%2Ftags&post=925"}],"curies":[{"name":"wp","href":"https:\/\/api.w.org\/{rel}","templated":true}]}}