{"id":995,"date":"2024-06-06T12:38:36","date_gmt":"2024-06-06T10:38:36","guid":{"rendered":"https:\/\/gemeinsam-kaempfen.de\/?p=995"},"modified":"2024-06-06T12:38:37","modified_gmt":"2024-06-06T10:38:37","slug":"zweiter-kongress-der-feministischen-organisierung-gemeinsam-kaempfen","status":"publish","type":"post","link":"https:\/\/gemeinsam-kaempfen.de\/?p=995","title":{"rendered":"Zweiter Kongress der feministischen Organisierung \u201eGemeinsam K\u00e4mpfen\u201c"},"content":{"rendered":"\n<p>Die feministische Organisierung \u201eGemeinsam K\u00e4mpfen f\u00fcr Selbstbestimmung und demokratische Autonomie\u201c hat am Wochenende ihren zweiten Kongress abgehalten.<\/p>\n\n\n\n<p><\/p>\n\n\n\n<p>Beitrag erschienen bei ANF: <a href=\"https:\/\/anfdeutsch.com\/frauen\/-42418\">https:\/\/anfdeutsch.com\/frauen\/-42418<\/a><\/p>\n\n\n\n<p><\/p>\n\n\n\n<p>Am Wochenende vom 1. bis zum 2. Juni 2024 kamen circa 60 Frauen und Menschen weiterer unterdr\u00fcckter Geschlechter zum zweiten Kongress der feministischen Organisierung \u201e<a href=\"https:\/\/gemeinsam-kaempfen.de\/\">Gemeinsam K\u00e4mpfen f\u00fcr Selbstbestimmung und demokratische Autonomie<\/a>\u201c zusammen.<\/p>\n\n\n\n<p>Am Samstag wurde zun\u00e4chst auf die seit dem ersten Kongress vergangenen zwei Jahre zur\u00fcckgeblickt, die eigene Arbeit analysiert und bewertet. Am Sonntag wurden ausgehend von diesen Reflexionen neue Strukturierungen, neue Schwerpunkte und Verantwortlichkeiten bestimmt.<\/p>\n\n\n\n<p>\u201e<strong>D<\/strong><strong>en Kampf gegen das Patriarchat haben nicht wir begonnen!&#8220;<\/strong><\/p>\n\n\n\n<p>Der Kongress wurde mit Gru\u00dfworten von der kurdischen Frauenbewegung, dem Dachverband der ezidischen Frauenr\u00e4te sowie Internationalistinnen in Rojava er\u00f6ffnet. In diesen wurde hervorgehoben, dass die Aktivistinnen von <em>Gemeinsam K\u00e4mpfen<\/em> nicht die ersten sind, die sich den Kampf gegen das Patriarchat zur Aufgabe gemacht haben. Des Weiteren wurde betont, dass die Befreiung von Frauen und allen weiteren unterdr\u00fcckten Geschlechtern nicht allein in einer Region erk\u00e4mpft werden kann und Perspektiven vor allem im gemeinsamen Aufbau des Weltfrauenkonf\u00f6deralismus zu finden sind. Diese Worte gaben dem Kongress damit einen Rahmen mit dem Appell, fragend in die Vergangenheit zu blicken und in anderen revolution\u00e4ren Bewegungen aktiv Verbindungen mit der Gegenwart zu suchen. Die Notwendigkeit einer zielgerichteten Arbeit wurde durch die Auswertung der aktuellen politischen Lage nochmal verdeutlicht.<\/p>\n\n\n\n<p>Am Samstag wurden verschiedene Perspektiven zur organisatorischen Lage geteilt und diskutiert. Thematisiert wurde, wie gearbeitet wurde, wo Leerstellen der eigenen Arbeit sind und welche Reflexionen <em>Gemeinsam <\/em><em>K<\/em><em>\u00e4mpfen<\/em> braucht, um als Organisation und gesellschaftliche Kraft zu wachsen. F\u00fcr diese Bewertung wurden am Samstag als wichtige Stimmen auch Aktivistinnen der Frauenbewegung, der Jugend, der Jineoloj\u00ee und der Initiative Women Defend Rojava eingeladen. Frauen, die zum Thema Geschichte arbeiten, betonten: \u201eEs wurde deutlich, wie getrennt wir von unserem Land sind, wie getrennt wir von unserem Gegen\u00fcber sind, wie getrennt wir von uns selbst sind. Die L\u00f6sung liegt in der Geschichte.\u201c<\/p>\n\n\n\n<p>Zur\u00fcckgeblickt wurde auf zwei Jahre, in denen <em>Gemeinsam K\u00e4mpfen<\/em> neue Freund:innen gewinnen konnte und die gesellschaftliche Arbeit in verschiedenen Bereichen vorangebracht hat. In Bildungsprogrammen wurde mehr ideologische Tiefe miteinander erreicht. Au\u00dferdem wurden neue Strukturen und Vernetzungen geschaffen.<\/p>\n\n\n\n<p>In den Diskussionen zur organisatorischen Lage kamen immer wieder Fragen auf, die es in der kommenden Praxisphase zu beantworten gilt: Welche Rolle hat <em>G<\/em><em>emeinsam K\u00e4mpfen<\/em> innerhalb einer internationalistischen Bewegung und wie wird die Praxis innerhalb der unterschiedlichen lokalen Realit\u00e4ten vorangetrieben? Die Notwendigkeit, klare Ziele f\u00fcr den Aufbau einer demokratischen Moderne zu setzen und eine Verschr\u00e4nkung zwischen Praxis und ideologischer Vertiefung zu bekommen, wurde deutlich. Kraft und Perspektive wurde auch aus Berichten von Delegationen nach Rojava und \u015eengal gesch\u00f6pft. Beeindruckt von den Arbeiten im \u015eengal wurde auch f\u00fcr den Kontext in Deutschland diskutiert, wie kollektiver Schmerz zu kraftvollem Widerstand werden kann.<\/p>\n\n\n\n<p>\u201e<strong>Wir brauchen kein Ger\u00fcst, das wir nicht mit Leben f\u00fcllen k\u00f6nnen\u201c<\/strong><\/p>\n\n\n\n<p>Der Sonntag hatte zum Ziel, klare organisatorische und inhaltliche Leitlinien f\u00fcr die n\u00e4chsten zwei Jahre festzulegen. Ein Beschluss davon war, die Zusammenarbeit mit anderen Akteuren der demokratischen Moderne zu intensivieren und auszubauen. So soll ein starker Fokus zuk\u00fcnftig auf der gesellschaftlichen Arbeit gegen Feminizid liegen. Dar\u00fcber hinaus soll die Au\u00dfenarbeit gest\u00e4rkt werden, um den Kontakt zu anderen revolution\u00e4ren und antipatriarchalen Bewegungen auszubauen. Betont wurde auch in den Diskussionen zu anderen Bereichen immer wieder, dass die Antworten auf strategische Fragen vor allem in der gemeinsamen Praxis zu finden sind.<\/p>\n\n\n\n<p>Insgesamt wurde mit einer gro\u00dfen Ernsthaftigkeit diskutiert. Die Entschlossenheit in der feministischen Organisierung, den Aufbau des Weltfrauenkonf\u00f6deralismus voranzutreiben, wurde deutlich. \u201eAn Orten, wo wir mit Anspr\u00fcchen aneinander reingehen, k\u00f6nnen wir auch mit Ergebnissen rausgehen\u201c, wurde die Diskussion auf dem Kongress von einer Teilnehmerin zusammengefasst. In abschlie\u00dfenden Worten bewertet eine weitere Teilnehmerin, der Kongress habe gezeigt, dass die Aktivist:innen mutiger werden, Vorschl\u00e4ge zu machen und diese zur Diskussion zu stellen und dass wichtige Schritte gegangen wurden und werden. Au\u00dferdem ist zu den Diskussionen anzumerken, dass die Teilnehmenden ihren Arbeiten und sich darin immer mehr Bedeutung geben k\u00f6nnen.<\/p>\n\n\n\n<p><strong>Gemeinsam K\u00e4mpfen<\/strong><\/p>\n\n\n\n<p>Die Organisierung <em>Gemeinsam K\u00e4mpfen<\/em> ist im Jahr 2017 von Internationalist:innen gegr\u00fcndet worden. Die feministische Organisierung steht in enger Verbundenheit mit der kurdischen Frauenbewegung sowie ihren Ideen f\u00fcr einen gesellschaftlichen demokratischen Aufbruch, der die Befreiung der Frau ins Zentrum stellt.<\/p>\n","protected":false},"excerpt":{"rendered":"<p>Die feministische Organisierung \u201eGemeinsam K\u00e4mpfen f\u00fcr Selbstbestimmung und demokratische Autonomie\u201c hat am Wochenende ihren zweiten Kongress abgehalten. Beitrag erschienen bei ANF: https:\/\/anfdeutsch.com\/frauen\/-42418 Am Wochenende vom 1. bis zum 2. Juni 2024 kamen circa 60 Frauen und Menschen weiterer unterdr\u00fcckter Geschlechter zum zweiten Kongress der feministischen Organisierung \u201eGemeinsam K\u00e4mpfen f\u00fcr Selbstbestimmung und demokratische Autonomie\u201c zusammen. Am [&hellip;]<\/p>\n","protected":false},"author":1,"featured_media":996,"comment_status":"open","ping_status":"open","sticky":false,"template":"","format":"standard","meta":{"om_disable_all_campaigns":false,"_monsterinsights_skip_tracking":false,"_monsterinsights_sitenote_active":false,"_monsterinsights_sitenote_note":"","_monsterinsights_sitenote_category":0,"footnotes":""},"categories":[1],"tags":[],"class_list":["post-995","post","type-post","status-publish","format-standard","has-post-thumbnail","hentry","category-aktuelles"],"aioseo_notices":[],"_links":{"self":[{"href":"https:\/\/gemeinsam-kaempfen.de\/index.php?rest_route=\/wp\/v2\/posts\/995","targetHints":{"allow":["GET"]}}],"collection":[{"href":"https:\/\/gemeinsam-kaempfen.de\/index.php?rest_route=\/wp\/v2\/posts"}],"about":[{"href":"https:\/\/gemeinsam-kaempfen.de\/index.php?rest_route=\/wp\/v2\/types\/post"}],"author":[{"embeddable":true,"href":"https:\/\/gemeinsam-kaempfen.de\/index.php?rest_route=\/wp\/v2\/users\/1"}],"replies":[{"embeddable":true,"href":"https:\/\/gemeinsam-kaempfen.de\/index.php?rest_route=%2Fwp%2Fv2%2Fcomments&post=995"}],"version-history":[{"count":1,"href":"https:\/\/gemeinsam-kaempfen.de\/index.php?rest_route=\/wp\/v2\/posts\/995\/revisions"}],"predecessor-version":[{"id":997,"href":"https:\/\/gemeinsam-kaempfen.de\/index.php?rest_route=\/wp\/v2\/posts\/995\/revisions\/997"}],"wp:featuredmedia":[{"embeddable":true,"href":"https:\/\/gemeinsam-kaempfen.de\/index.php?rest_route=\/wp\/v2\/media\/996"}],"wp:attachment":[{"href":"https:\/\/gemeinsam-kaempfen.de\/index.php?rest_route=%2Fwp%2Fv2%2Fmedia&parent=995"}],"wp:term":[{"taxonomy":"category","embeddable":true,"href":"https:\/\/gemeinsam-kaempfen.de\/index.php?rest_route=%2Fwp%2Fv2%2Fcategories&post=995"},{"taxonomy":"post_tag","embeddable":true,"href":"https:\/\/gemeinsam-kaempfen.de\/index.php?rest_route=%2Fwp%2Fv2%2Ftags&post=995"}],"curies":[{"name":"wp","href":"https:\/\/api.w.org\/{rel}","templated":true}]}}